{"id":9981,"date":"2014-06-09T11:42:49","date_gmt":"2014-06-09T16:42:49","guid":{"rendered":"https:\/\/radiozapatista.org\/?p=9981"},"modified":"2017-07-04T08:35:10","modified_gmt":"2017-07-04T13:35:10","slug":"pronunciamiento-del-cni-sobre-el-compa-david-ruiz-garcia","status":"publish","type":"post","link":"https:\/\/radiozapatista.org\/?p=9981","title":{"rendered":"Pronunciamiento del CNI sobre el compa David Ruiz Garc\u00eda"},"content":{"rendered":"<p><\/p>\n<p style=\"text-align: center;\"><strong>PRONUNCIAMIENTO DEL CONGRESO NACIONAL IND\u00cdGENA<\/strong><\/p>\n<p style=\"text-align: right;\">Defender la alegr\u00eda como una trinchera<br \/>\nDefenderla del caos y de las pesadillas<br \/>\nDe la ajada miseria y de los miserables<br \/>\nDe las ausencias breves y de las definitivas<br \/>\n&#8212;<em>Mario Benedetti<\/em><\/p>\n<p style=\"text-align: left;\">\nA LOS PUEBLOS DEL MUNDO<br \/>\nA LA ZEZTA INTERNACIONAL<br \/>\nA LOS COMPA\u00d1EROS DE LA SEXTA<br \/>\nA LA FAMILIA Y AMIGOS DE DAVID RUIZ GARC\u00cdA<\/p>\n<p>Nosotros, los Pueblos, Naciones, Tribus y Barrios ind\u00edgenas de M\u00e9xico que estamos construyendo una casa que llamamos Congreso Nacional Ind\u00edgena, les queremos comunicar que hemos acudido \u2013como dijo uno de sus familiares- a Sembrar en la Tierra a nuestro hermano DAVID  RUIZ GARC\u00cdA, en su  respetado y querido pueblo \u00f1ha\u00f1\u00fa de San Francisco Xochicuautla, municipio de Lerma en el Estado de M\u00e9xico;<\/p>\n<p>Nosotros, los que fuimos testigos de la voluntad de David Ruiz Garc\u00eda para unirse al \u00a1YA BASTA \u00a1  zapatista, y al \u00a1Nunca M\u00e1s un M\u00e9xico sin Nosotros\u00a1 de los pueblos originarios de M\u00e9xico; estamos de luto, al igual que los compa\u00f1eros de la Sexta;<\/p>\n<p>Nosotros, que regres\u00e1bamos -junto con \u00e9l- a nuestras comunidades con fortaleza y alegr\u00eda, por haber cumplido el encargo de nuestros pueblos de ir a la Realidad, Chiapas, a abrazar a los familiares y amigos del Compa Galeano, quien fue asesinado cobardemente por paramilitares que pagan los malos gobiernos; y que en ese retorno muri\u00f3 accidentalmente nuestro Compa David quien contagiaba con sus ganas de seguir la lucha contra el neoliberalismo;<\/p>\n<p>Nosotras las mujeres, hermanas de lucha del Congreso Nacional Ind\u00edgena, con mucho dolor pero tambi\u00e9n con gran coraz\u00f3n, hacemos llegar hasta otras geograf\u00edas: el reconocimiento a la lucha de un pueblo digno como lo es Xochicuautla, donde sus j\u00f3venas y  j\u00f3venes  como DAVID, iniciaron desde abajo, el camino por la vida y la construcci\u00f3n de un mundo mejor;<\/p>\n<p>Nosotros, hermanos y hermanas ,compa\u00f1eros y amigos del Compa David, agrupados en el Congreso Nacional Ind\u00edgena, que sab\u00edamos de su car\u00e1cter y de la convicci\u00f3n por cambiar este sistema de explotaci\u00f3n, de opresi\u00f3n, de racismo, de desigualdad. Por su firme deseo de construir un mundo nuevo donde la alegr\u00eda fuera uno de sus principales pilares, donde la alegr\u00eda superara a toda tristeza;<br \/>\nNosotras, nosotros que sabemos del dolor profundo que causa la p\u00e9rdida de un hijo;  nieto; sobrino; hermano;  primo; amigo; compa\u00f1ero, deseamos hacer llegar a la familia, amigos, amigas y conocidos de nuestro hermano David el siguiente<\/p>\n<p style=\"text-align: center;\"><strong>PRONUNCIAMIENTO<\/strong><\/p>\n<p>Primero:-  Uni\u00e9ndonos al dolor de los familiares, hemos tra\u00eddo a nuestros pueblos las flores que cientos de personas llevaron como tributo para a la tumba de DAVID RUIZ GARC\u00cdA, con el compromiso de  continuar con la Defensa de la Madre Tierra; y en Defensa de la Alegr\u00eda;  nos unimos al pesar que tienen los amigos, compa\u00f1eras y compa\u00f1eros de David,  Los Hijos del Ma\u00edz , los del Coro, y tantos que lo reconocen como una luz en las tinieblas;<\/p>\n<p>Segundo.- Que haremos todo nuestro esfuerzo para que los resolutivos y acuerdos que tengamos en la Compartici\u00f3n entre Congreso Nacional Ind\u00edgena y Pueblos Zapatistas  \u201cCompa\u00f1ero David Ruiz Garc\u00eda\u201d  para realizarse del 4 al 9 de Agosto de este a\u00f1o 2014,  en la Realidad, Chiapas, lleven  la convicci\u00f3n en la lucha, la fuerza de la juventud y alegr\u00eda que regalaba David;<\/p>\n<p>Tercero.- Nosotros, nosotras nos comprometemos a que la lucha del pueblo de San Francisco Xochicuatla y de los pueblos vecinos  que est\u00e1n por la defensa de su  Tierra, Territorio, Bosque y Agua, tambi\u00e9n es, y ser\u00e1,  nuestra lucha. Siendo \u00e9ste  el mejor homenaje que podemos rendir a nuestro hermano David  Ruiz Garc\u00eda. Porque :<\/p>\n<p style=\"text-align: center;\">DAVID RUIZ GARC\u00cdA    \u00a1 VIVE \u00a1<\/p>\n<p style=\"text-align: center;\">POR LA RECONSTITUCI\u00d3N INTEGRAL DE NUESTROS PUEBLOS<br \/>\nNUNCA  M\u00c1S UN M\u00c9XICO SIN NOSOTROS<br \/>\nCONGRESO NACIONAL IND\u00cdGENA<\/p>\n<p style=\"text-align: center;\">San Francisco Xochicuautla, Lerma, Estado de M\u00e9xico<br \/>\nJunio de 2014<\/p>\n<p><\/p>","protected":false},"excerpt":{"rendered":"<p>PRONUNCIAMIENTO DEL CONGRESO NACIONAL IND\u00cdGENA Defender la alegr\u00eda como una trinchera Defenderla del caos y de las pesadillas De la ajada miseria y de los miserables De las ausencias breves y de las definitivas &#8212;Mario Benedetti A LOS PUEBLOS DEL MUNDO A LA ZEZTA INTERNACIONAL A LOS COMPA\u00d1EROS DE LA SEXTA A LA FAMILIA Y [&hellip;]<\/p>\n","protected":false},"author":1,"featured_media":0,"comment_status":"open","ping_status":"open","sticky":false,"template":"","format":"standard","meta":{"footnotes":""},"categories":[943,1024,954,183],"tags":[822,63,831],"class_list":["post-9981","post","type-post","status-publish","format-standard","hentry","category-cni","category-cni-temas","category-mexico","category-blog","tag-galeanovive","tag-cni","tag-david-ruiz-garcia"],"_links":{"self":[{"href":"https:\/\/radiozapatista.org\/index.php?rest_route=\/wp\/v2\/posts\/9981","targetHints":{"allow":["GET"]}}],"collection":[{"href":"https:\/\/radiozapatista.org\/index.php?rest_route=\/wp\/v2\/posts"}],"about":[{"href":"https:\/\/radiozapatista.org\/index.php?rest_route=\/wp\/v2\/types\/post"}],"author":[{"embeddable":true,"href":"https:\/\/radiozapatista.org\/index.php?rest_route=\/wp\/v2\/users\/1"}],"replies":[{"embeddable":true,"href":"https:\/\/radiozapatista.org\/index.php?rest_route=%2Fwp%2Fv2%2Fcomments&post=9981"}],"version-history":[{"count":0,"href":"https:\/\/radiozapatista.org\/index.php?rest_route=\/wp\/v2\/posts\/9981\/revisions"}],"wp:attachment":[{"href":"https:\/\/radiozapatista.org\/index.php?rest_route=%2Fwp%2Fv2%2Fmedia&parent=9981"}],"wp:term":[{"taxonomy":"category","embeddable":true,"href":"https:\/\/radiozapatista.org\/index.php?rest_route=%2Fwp%2Fv2%2Fcategories&post=9981"},{"taxonomy":"post_tag","embeddable":true,"href":"https:\/\/radiozapatista.org\/index.php?rest_route=%2Fwp%2Fv2%2Ftags&post=9981"}],"curies":[{"name":"wp","href":"https:\/\/api.w.org\/{rel}","templated":true}]}}