{"id":9968,"date":"2014-06-08T22:47:32","date_gmt":"2014-06-09T03:47:32","guid":{"rendered":"https:\/\/radiozapatista.org\/?p=9968"},"modified":"2014-08-05T09:30:48","modified_gmt":"2014-08-05T14:30:48","slug":"una-reunion-en-la-realidad-zapatista-hace-unos-pocos-dias-subcomandante-insurgente-moises","status":"publish","type":"post","link":"https:\/\/radiozapatista.org\/?p=9968","title":{"rendered":"Una reuni\u00f3n en La Realidad zapatista hace unos pocos d\u00edas"},"content":{"rendered":"<p><\/p>\n<p style=\"text-align: center;\"><strong>EJ\u00c9RCITO ZAPATISTA DE LIBERACI\u00d3N NACIONAL.<br \/>\nM\u00c9XICO.<\/strong><\/p>\n<p>Junio del 2014.<\/p>\n<p>Para: La Sexta en M\u00e9xico y el Mundo.<\/p>\n<p>Compa\u00f1eras y compa\u00f1eros de la Sexta de M\u00e9xico y del mundo.<br \/>\nHermanas y hermanos de M\u00e9xico y del mundo.<\/p>\n<p>Les platico de una reuni\u00f3n que hubo en La Realidad zapatista hace unos pocos d\u00edas:<\/p>\n<p>Dicen las compa\u00f1eras y compa\u00f1eros zapatistas de La Realidad que los 3 niveles de gobiernos capitalistas que destruyeron su escuela aut\u00f3noma y su cl\u00ednica aut\u00f3noma y su manguera de donde llega su agua los compa\u00f1eros y compa\u00f1eras, quisieran que ah\u00ed acaba la lucha zapatista.<\/p>\n<p>Que ellas y ellos no se olvidan que destruyeron el primer Aguascalientes, y las zapatistas y los zapatistas construyeron cinco m\u00e1s.<\/p>\n<p>Y que no se olvidan cuando destruyeron las casas humildes de las autoridades aut\u00f3nomas de los MAREZ, Municipios Aut\u00f3nomos Rebeldes Zapatistas, en a\u00f1o 1998, de Tierra y Libertad, por el \u201ccroquetas\u201d de Roberto Albores, que destruy\u00f3 la casa aut\u00f3noma del MAREZ de Ricardo Flores Mag\u00f3n, del caracol de Garrucha, cuando era gobernador del pobre Chiapas, pobre por su culpa de ellos los malos gobiernos.<\/p>\n<p>Pero que los MAREZ siguen su camino y m\u00e1s fortalecidos ahora.<\/p>\n<p>Que no se olvidan que dijimos las, los zapatistas: con ley o sin ley vamos a llevar a cabo la autonom\u00eda, lo que son los derechos y cultura ind\u00edgena.<\/p>\n<p><!--more--><\/p>\n<p>Que, por cierto, todos los partidos pol\u00edticos del poder legislativo y del poder ejecutivo y del poder judicial, nos mandaron en un tubo, creyendo que as\u00ed la semilla no germinar\u00eda. Y al contrario, tom\u00f3 fuerza y est\u00e1 en los hechos y en la pr\u00e1ctica de los propios pueblos zapatistas. Pueblo manda, gobierno obedece.<\/p>\n<p>Dicen las y los compa\u00f1eros bases de apoyo del EZLN de La Realidad que van a construir su escuela con el material que da la naturaleza y tambi\u00e9n su cl\u00ednica.<\/p>\n<p>Entonces les digo a los compa\u00f1eros de La Realidad, dejen que les escribo a los compas de la Sexta de M\u00e9xico y del mundo.<\/p>\n<p>De modo que me entiendan las y los compa\u00f1eros les dije: qu\u00e9 tal nos acusan de destrucci\u00f3n de la naturaleza, porque vamos a tumbar \u00e1rboles y palmas para el techo y los gobiernos capitalistas dicen que ellos los est\u00e1n protegiendo.<\/p>\n<p>Entonces pens\u00e9: -Y pa\u2019 qu\u00e9 dije eso.<\/p>\n<p>Empieza la lista de destrucci\u00f3n de \u00e1rboles por madereras que tienen permisado por los gobiernos capitalistas de Chiapas y de M\u00e9xico.<\/p>\n<p>Madereras piratas, dicen los compas, legal para gobiernos, porque son ellos mismos.<\/p>\n<p>Compran en rollo, o sea por trozos, dicen, un tal Salom\u00f3n de Las Margaritas. Compran en tablas, en planchones, polines. Venden los de ejido Mom\u00f3n, San Francisco, Vicente Guerrero, La Victoria, Pach\u00e1n, Ejido Tabasco, todos del municipio de Las Margaritas. Y en San Miguel, municipio de Ocosingo, Carmen Patat\u00e9, igual de Ocosingo y hay m\u00e1s en todo Chiapas.<\/p>\n<p>De modo de calmar la discusi\u00f3n que se gener\u00f3 de \u201cque nos culpan los gobiernos capitalista de destrucci\u00f3n de naturaleza\u201d, les digo a las y los compa\u00f1eros que se acaba si les escribo a los compas de la Sexta de M\u00e9xico y del mundo, qu\u00e9 tal se organizan y consigan algo de paga y as\u00ed comprar materiales.<\/p>\n<p>Y las bases de apoyo me contestan, la verdad no se acaba nada: est\u00e1 bueno compa\u00f1ero, escriba y vamos a esperar a ver qu\u00e9 pueden conseguir los compa\u00f1eros.<\/p>\n<p>Y les digo:<\/p>\n<p>&#8211; \u00bfCu\u00e1nto se necesita de paga para las construcciones?<\/p>\n<p>&#8211; \u00a1H\u00edjole!, eso s\u00ed no sabemos.<\/p>\n<p>Otro dice:<\/p>\n<p>&#8211; Ah, traigan calculadora ahorita la hacemos.<\/p>\n<p>Y llega la calculadora. Y empieza la matem\u00e1tica, y el compa dice:<\/p>\n<p>&#8211; \u00a1Vaaaleeeee! \u00a1No tiene pila esta porquer\u00eda!<\/p>\n<p>Y mientras veo un viejito y en voz baja escucho que dice:<\/p>\n<p>&#8211; Una cuarta y un geme -, y con sus dedos de las dos manos hace su cuenta.<\/p>\n<p>Y de pronto me mira:<\/p>\n<p>&#8211; Ya compa \u2013 me dijo.<\/p>\n<p>&#8211; \u00bf\u00a1C\u00f3mo!? \u2013 le digo yo.<\/p>\n<p>&#8211; S\u00ed, ya est\u00e1 la cuenta: Para una casa de 2 plantas de 19 metros por 7 metros de ancho, o sea 19\u00d77, se necesita: 2000 blocks, 50 varillas de media, 400 varillas de 3 octavos, 60 bultos de calhidra, 520 bultos de cemento, 100 kilos de alambre de amarre, 400 de alambr\u00f3n, 84 hojas de l\u00e1mina galvanizada de 3 metros.<\/p>\n<p>Un compa interrumpe y dice: \u2013 \u00bfPor qu\u00e9 no damos el total de presupuesto de esas construcciones de 2 plantas y ya?<\/p>\n<p>-De acuerdo \u2013 dice uno.<\/p>\n<p>Y la lluvia de voces: \u00a1Acuerdo!<\/p>\n<p>El total sale $ 200,209. Doscientos mil doscientos nueve pesos.<\/p>\n<p>Que la planta baja es para escuela de ni\u00f1as y ni\u00f1os, y la de arriba para cl\u00ednica.<\/p>\n<p>Para aprovechar el terreno.<\/p>\n<p>Es s\u00f3lo construcci\u00f3n, falta materiales de salud, term\u00f3metro, bauman\u00f3metro, otoscopio y etc., y faltan los medicamentos.<\/p>\n<p>Se cierra la reuni\u00f3n.<\/p>\n<p>Pues es lo que les platico, compas de la Sexta. Ah\u00ed lo vean si es que se va a poder conseguir esa paga.<\/p>\n<p>Desde las monta\u00f1as del Sureste Mexicano.<\/p>\n<p>Subcomandante Insurgente Mois\u00e9s.<br \/>\nM\u00e9xico, Junio del 2014.<br \/>\nEn el a\u00f1o 20 de la guerra contra el olvido.<\/p>","protected":false},"excerpt":{"rendered":"<p>EJ\u00c9RCITO ZAPATISTA DE LIBERACI\u00d3N NACIONAL. M\u00c9XICO. Junio del 2014. Para: La Sexta en M\u00e9xico y el Mundo. Compa\u00f1eras y compa\u00f1eros de la Sexta de M\u00e9xico y del mundo. Hermanas y hermanos de M\u00e9xico y del mundo. Les platico de una reuni\u00f3n que hubo en La Realidad zapatista hace unos pocos d\u00edas: Dicen las compa\u00f1eras y [&hellip;]<\/p>\n","protected":false},"author":1,"featured_media":0,"comment_status":"open","ping_status":"open","sticky":false,"template":"","format":"standard","meta":{"footnotes":""},"categories":[1,51,118],"tags":[644,926,23],"class_list":["post-9968","post","type-post","status-publish","format-standard","hentry","category-audio","category-autor","category-ezln","tag-comunicados-ezln","tag-ezln","tag-paramilitares"],"_links":{"self":[{"href":"https:\/\/radiozapatista.org\/index.php?rest_route=\/wp\/v2\/posts\/9968","targetHints":{"allow":["GET"]}}],"collection":[{"href":"https:\/\/radiozapatista.org\/index.php?rest_route=\/wp\/v2\/posts"}],"about":[{"href":"https:\/\/radiozapatista.org\/index.php?rest_route=\/wp\/v2\/types\/post"}],"author":[{"embeddable":true,"href":"https:\/\/radiozapatista.org\/index.php?rest_route=\/wp\/v2\/users\/1"}],"replies":[{"embeddable":true,"href":"https:\/\/radiozapatista.org\/index.php?rest_route=%2Fwp%2Fv2%2Fcomments&post=9968"}],"version-history":[{"count":0,"href":"https:\/\/radiozapatista.org\/index.php?rest_route=\/wp\/v2\/posts\/9968\/revisions"}],"wp:attachment":[{"href":"https:\/\/radiozapatista.org\/index.php?rest_route=%2Fwp%2Fv2%2Fmedia&parent=9968"}],"wp:term":[{"taxonomy":"category","embeddable":true,"href":"https:\/\/radiozapatista.org\/index.php?rest_route=%2Fwp%2Fv2%2Fcategories&post=9968"},{"taxonomy":"post_tag","embeddable":true,"href":"https:\/\/radiozapatista.org\/index.php?rest_route=%2Fwp%2Fv2%2Ftags&post=9968"}],"curies":[{"name":"wp","href":"https:\/\/api.w.org\/{rel}","templated":true}]}}