{"id":995,"date":"2006-07-25T19:54:46","date_gmt":"2006-07-26T00:54:46","guid":{"rendered":"https:\/\/radiozapatista.org\/?p=995"},"modified":"2011-02-23T23:53:39","modified_gmt":"2011-02-24T05:53:39","slug":"entrevista-con-michael-chamberlin-frayba","status":"publish","type":"post","link":"https:\/\/radiozapatista.org\/?p=995","title":{"rendered":"Entrevista con Michael Chamberlin (Frayba)"},"content":{"rendered":"<p>Entrevista con Michael Chamberlin  (Frayba &#8211; Centro de Derechos Humanos Fray Bartolom\u00e9 de  las Casas) situaci\u00f3n en Chiapas en el contexto de la Otra Campa\u00f1a, la  Alerta Roja, el conflicto postelectoral y la represi\u00f3n estatal<\/p>","protected":false},"excerpt":{"rendered":"<p>Entrevista con Michael Chamberlin (Frayba &#8211; Centro de Derechos Humanos Fray Bartolom\u00e9 de las Casas) situaci\u00f3n en Chiapas en el contexto de la Otra Campa\u00f1a, la Alerta Roja, el conflicto postelectoral y la represi\u00f3n estatal<\/p>\n","protected":false},"author":1,"featured_media":0,"comment_status":"open","ping_status":"open","sticky":false,"template":"","format":"standard","meta":{"footnotes":""},"categories":[1,6,190],"tags":[917,925,54],"class_list":["post-995","post","type-post","status-publish","format-standard","hentry","category-audio","category-chiapas","category-radiozapatista","tag-chiapas","tag-frayba","tag-otra-campana"],"_links":{"self":[{"href":"https:\/\/radiozapatista.org\/index.php?rest_route=\/wp\/v2\/posts\/995","targetHints":{"allow":["GET"]}}],"collection":[{"href":"https:\/\/radiozapatista.org\/index.php?rest_route=\/wp\/v2\/posts"}],"about":[{"href":"https:\/\/radiozapatista.org\/index.php?rest_route=\/wp\/v2\/types\/post"}],"author":[{"embeddable":true,"href":"https:\/\/radiozapatista.org\/index.php?rest_route=\/wp\/v2\/users\/1"}],"replies":[{"embeddable":true,"href":"https:\/\/radiozapatista.org\/index.php?rest_route=%2Fwp%2Fv2%2Fcomments&post=995"}],"version-history":[{"count":0,"href":"https:\/\/radiozapatista.org\/index.php?rest_route=\/wp\/v2\/posts\/995\/revisions"}],"wp:attachment":[{"href":"https:\/\/radiozapatista.org\/index.php?rest_route=%2Fwp%2Fv2%2Fmedia&parent=995"}],"wp:term":[{"taxonomy":"category","embeddable":true,"href":"https:\/\/radiozapatista.org\/index.php?rest_route=%2Fwp%2Fv2%2Fcategories&post=995"},{"taxonomy":"post_tag","embeddable":true,"href":"https:\/\/radiozapatista.org\/index.php?rest_route=%2Fwp%2Fv2%2Ftags&post=995"}],"curies":[{"name":"wp","href":"https:\/\/api.w.org\/{rel}","templated":true}]}}