{"id":9893,"date":"2014-05-30T18:35:52","date_gmt":"2014-05-30T23:35:52","guid":{"rendered":"https:\/\/radiozapatista.org\/?p=9893"},"modified":"2014-08-17T10:45:16","modified_gmt":"2014-08-17T15:45:16","slug":"pesame-por-la-muerte-del-companero-david-ruiz-garcia","status":"publish","type":"post","link":"https:\/\/radiozapatista.org\/?p=9893","title":{"rendered":"P\u00e9same por la muerte del compa\u00f1ero David Ruiz Garc\u00eda"},"content":{"rendered":"<p><\/p>\n<p style=\"text-align: center;\"><strong>EJ\u00c9RCITO ZAPATISTA DE LIBERACI\u00d3N NACIONAL.<br \/>\nM\u00c9XICO.<\/strong><\/p>\n<p>Mayo del 2014.<\/p>\n<p>Para: l@s familiares y compa\u00f1er@s de nuestro compa David Ruiz Garc\u00eda.<\/p>\n<p>De: Las zapatistas y los zapatistas del EZLN.<\/p>\n<p>Compas:<\/p>\n<p>Dolor a dolor. Esto lo sentimos, compa\u00f1era y compa\u00f1ero familia de nuestro compa\u00f1ero David Ru\u00edz Garc\u00eda.<\/p>\n<p><!--more--><\/p>\n<p>No hemos salido del dolor y rabia del compa\u00f1ero Galeano y nuestro compa\u00f1ero David, por apoyarnos, acompa\u00f1arnos, darnos fuerza y con su esfuerzo lleg\u00f3 y estuvo, nos vio, nos escuch\u00f3, y de pronto nos dej\u00f3. Por causa de un accidente en que se golpe\u00f3 en la cabeza, se nos fue el compa\u00f1ero David a donde est\u00e1 el compa\u00f1ero Galeano.<\/p>\n<p>Nos preguntamos \u00bfpor qu\u00e9 nos pasa esto a los pobres? Y nos respondemos a nombre de nuestros compa\u00f1eros: Porque somos nosotros los pueblos pobres quienes tienen que organizarse y porque nadie va luchar por nosotros por la liberaci\u00f3n. Porque ya no queremos m\u00e1s de 520 a\u00f1os de maltrato y porque nos estamos empezando m\u00e1s a organizarnos, por eso nos est\u00e1 pasando esto. As\u00ed nos contestamos.<\/p>\n<p>Nos aprieta nuestro coraz\u00f3n, sentimos que estamos rodeados. De por s\u00ed estamos rodeados de los paramilitares, pero el rodeo que decimos, es que estamos pensando que no vamos a dejar de trabajar, que tenemos que llevar a cabo nuestra compartici\u00f3n, nosotras y nosotros los ind\u00edgenas, pueblos originarios de este pa\u00eds. Para conocernos y aprendernos de unos a otros nosotros, entre nuestros pueblos, entre nosotras y nosotros mismos.<\/p>\n<p>Como no se nos han pasado los dolores, y decimos: \u00bfy si nos vuelve a suceder como lo del compa\u00f1ero David? Y lo \u00fanico que nos viene en la cabeza es: La lucha sigue.<\/p>\n<p>Los acompa\u00f1amos con el dolor y nuestro p\u00e9same por la muerte del compa\u00f1ero David, del pueblo de San Francisco Xochicuautla, municipio de Lerma, Estado de M\u00e9xico. En especial a la Familia y junto a las compa\u00f1eras y compa\u00f1eros de su pueblo que est\u00e1n en lucha.<\/p>\n<p>Hasta pronto compa\u00f1era y compa\u00f1ero familia del compa\u00f1ero David.<\/p>\n<p>Hasta pronto compa\u00f1eras y compa\u00f1eros del pueblo del compa\u00f1ero David. Ojal\u00e1 pronto nos vemos en nuestra compartici\u00f3n, en La Realidad, para la realidad que estamos buscando para una vida m\u00e1s justa de nuestro pueblo de M\u00e9xico. Y no olvidar: Nunca m\u00e1s un M\u00e9xico sin nosotr@s.<\/p>\n<p>Desde las monta\u00f1as del Sureste Mexicano.<\/p>\n<p>Subcomandante Insurgente Mois\u00e9s.<br \/>\nM\u00e9xico, mayo del 2014. En el a\u00f1o 20 del inicio de la guerra contra el olvido.<\/p>","protected":false},"excerpt":{"rendered":"<p>EJ\u00c9RCITO ZAPATISTA DE LIBERACI\u00d3N NACIONAL. M\u00c9XICO. Mayo del 2014. Para: l@s familiares y compa\u00f1er@s de nuestro compa David Ruiz Garc\u00eda. De: Las zapatistas y los zapatistas del EZLN. Compas: Dolor a dolor. Esto lo sentimos, compa\u00f1era y compa\u00f1ero familia de nuestro compa\u00f1ero David Ru\u00edz Garc\u00eda.<\/p>\n","protected":false},"author":1,"featured_media":0,"comment_status":"closed","ping_status":"closed","sticky":false,"template":"","format":"standard","meta":{"footnotes":""},"categories":[1,118],"tags":[822,63,644,831,926],"class_list":["post-9893","post","type-post","status-publish","format-standard","hentry","category-audio","category-ezln","tag-galeanovive","tag-cni","tag-comunicados-ezln","tag-david-ruiz-garcia","tag-ezln"],"_links":{"self":[{"href":"https:\/\/radiozapatista.org\/index.php?rest_route=\/wp\/v2\/posts\/9893","targetHints":{"allow":["GET"]}}],"collection":[{"href":"https:\/\/radiozapatista.org\/index.php?rest_route=\/wp\/v2\/posts"}],"about":[{"href":"https:\/\/radiozapatista.org\/index.php?rest_route=\/wp\/v2\/types\/post"}],"author":[{"embeddable":true,"href":"https:\/\/radiozapatista.org\/index.php?rest_route=\/wp\/v2\/users\/1"}],"replies":[{"embeddable":true,"href":"https:\/\/radiozapatista.org\/index.php?rest_route=%2Fwp%2Fv2%2Fcomments&post=9893"}],"version-history":[{"count":0,"href":"https:\/\/radiozapatista.org\/index.php?rest_route=\/wp\/v2\/posts\/9893\/revisions"}],"wp:attachment":[{"href":"https:\/\/radiozapatista.org\/index.php?rest_route=%2Fwp%2Fv2%2Fmedia&parent=9893"}],"wp:term":[{"taxonomy":"category","embeddable":true,"href":"https:\/\/radiozapatista.org\/index.php?rest_route=%2Fwp%2Fv2%2Fcategories&post=9893"},{"taxonomy":"post_tag","embeddable":true,"href":"https:\/\/radiozapatista.org\/index.php?rest_route=%2Fwp%2Fv2%2Ftags&post=9893"}],"curies":[{"name":"wp","href":"https:\/\/api.w.org\/{rel}","templated":true}]}}