{"id":9890,"date":"2014-05-30T11:12:53","date_gmt":"2014-05-30T16:12:53","guid":{"rendered":"https:\/\/radiozapatista.org\/?p=9890"},"modified":"2015-08-31T07:56:15","modified_gmt":"2015-08-31T12:56:15","slug":"audios-recogidos-durante-la-caravana-a-la-realidad","status":"publish","type":"post","link":"https:\/\/radiozapatista.org\/?p=9890","title":{"rendered":"Audios recogidos durante la caravana a la Realidad"},"content":{"rendered":"<p>[podcast]http:\/\/ia902508.us.archive.org\/24\/items\/CaravanaI\/caravana%20I.mp3[\/podcast]<\/p>\n<h3>Peque\u00f1a cronolog\u00eda de hechos<\/h3>\n<p><em>Cabe mencionar que la guerra en  contra de los pueblos Zapatistas y en contra de todos los pueblos,  naciones y tribus ind\u00edgenas en M\u00e9xico, comenz\u00f3 hace m\u00e1s de 500 a\u00f1os,  \u00e9sta peque\u00f1a cronolog\u00eda data a partir del cobarde asesinato del  compa\u00f1ero Jose Luis Sol\u00eds L\u00f3pez, Galeano y que nos llevo a  organizaciones, colectivos e individuxs de M\u00e9xico y el Mundo a  solidarizarnos y acudir con nuestrxs compas Zapatistas.<\/em><\/p>\n<p><!--more--><\/p>\n<p>El 2 de mayo de 2014 nos enteramos de  manera tendenciosa y desde un periodismo contrainsurgente que las y los  compa\u00f1erxs Bases de Apoyo Zapatistas, de la Junta de Buen Gobierno de la  Realidad hab\u00edan sido atacadas por parte del grupo paramilitar llamado  CIOAC-Historica (para entender el proceso de descomposici\u00f3n de las  organizaciones campesinas pueden mirar esta liga: <a href=\"http:\/\/www.youtube.com\/watch?v=BVfSH7T9d0Y\">alto a las agresiones en contra de las comunidades zapatistas<\/a>), d\u00edas despu\u00e9s el 5 de mayo, el Centro de Derechos Humanos Fray Bartolome de las Casas (Frayba) publico un <a href=\"http:\/\/www.frayba.org.mx\/archivo\/boletines\/140505_boletin_16_agresiones_jbg.pdf\">bolet\u00edn de prensa<\/a> en donde relataron de manera clara el aparente proceso de di\u00e1logo con  las personas que esta organizaci\u00f3n llevar\u00edan a cabo con las autoridades  de la Junta de Buen Gobierno Selva Fronteriza Hacia la Esperanza, en el  bolet\u00edn presentado por el Frayba conocimos por primera vez el nombre del  compa\u00f1ero asesinado, <strong>Jose Luis Sol\u00eds L\u00f3pez <\/strong>referido de esta manera:<\/p>\n<p><em>\u201cLa persona asesinada, Jos\u00e9 Luis,  estaba participando en la reuni\u00f3n de di\u00e1logo con la dirigencia de  CIOAC-H. En su participaci\u00f3n \u00e9l refirio diversos actos de hostigamiento y  amenazas por parte del comisario ejidal Javier L\u00f3pez Rodriguez; del  agente municipal Carmelino Rodriguez Jim\u00e9nez; del secretario del  comisariado ejidal Edmundo L\u00f3pez Moreno; Jaime Rodr\u00edguez G\u00f3mez, Eduardo  S\u00e1ntiz S\u00e1ntiz y Alvaro S\u00e1ntiz Rodr\u00edguz integranes de la CIOAC-H.\u201d<\/em><\/p>\n<p>Por la tarde del mismo d\u00eda de la publicaci\u00f3n del bolet\u00edn del Frayba, la Junta de Buen Gobierno de La Realidad emiti\u00f3 un <a href=\"http:\/\/enlacezapatista.ezln.org.mx\/2014\/05\/05\/junta-de-buen-gobierno-hacia-la-esperanza-denuncia-energicamente-a-los-paramilitares-cioaquistas-organizados-por-los-3-niveles-de-los-malos-gobiernos-en-contra-de-nuestros-pueblos-bases-de-apoyo-del-e\/\">comunicado<\/a> en Enlace Zapatista,\u00a0 sitio oficial del Ejercito Zapatista de  Liberaci\u00f3n Nacional (EZLN) en donde pudimos conocer el conflicto en el  que se encontraban nuestro compa\u00f1eros:<\/p>\n<p><em>\u201cPorque el d\u00eda 16 de marzo del a\u00f1o en  curso cuando est\u00e1bamos realizando una campa\u00f1a de la otra salud aut\u00f3noma  con nuestros pueblos zapatistas, ubicado en el municipio aut\u00f3nomo  General Emiliano Zapata con sede en Amador Hern\u00e1ndez, los paramilitares  CIOAQUISTAS de la Realidad nos detuvieron la camioneta de la Junta de  buen Gobierno que transportaba los medicamentos para nuestra campa\u00f1a,  con el pretexto de los dos camiones de grava que aportaron nuestros  compa\u00f1eros bases de apoyo de la Realidad, para la construcci\u00f3n de un  dormitorio para promotores y promotoras de la cl\u00ednica aut\u00f3noma municipal  del municipio San Pedro Michoacana con sede en la realidad [&#8230;] <\/em><\/p>\n<p><em>Como paramilitares, organizado por  los tres niveles de malos gobiernos preparados para la campa\u00f1a de  contrainsurgencia, provocaron a nuestros compa\u00f1eros zapatistas y fueron  en contra de la junta de Buen gobierno, porque en vez de detener el  cami\u00f3n que transportaba la grava, detienen al veh\u00edculo que est\u00e1 al  servicio de la salud de miles de zapatistas [&#8230;]<\/em><\/p>\n<p><em>Los paramilitares de la Realidad  est\u00e1n pagados, organizados, dirigidos y entrenados por los tres niveles  de los malos gobiernos para dividirnos, provocarnos a los pueblos  zapatistas y al gobierno aut\u00f3nomo zapatista, la cosa lo voltearon,  fueron en contra de la Junta de Buen gobierno [&#8230;]<\/em><\/p>\n<p><em>Primero llegaron Roberto Alfaro  Velasco que es el secretario de la organizaci\u00f3n CIOAC y Alfredo Cruz  Calvo secretario de transporte, uno de ellos Alfredo Cruz Calvo sali\u00f3 a  hablar con sus compa\u00f1eros paramilitares CIOAQUISTAS de la Realidad y  como los ha ense\u00f1ado a ellos sus actitudes no fue comprendido eso fue lo  que nos dijo a su regreso con nosotros como Junta de Buen gobierno  [&#8230;]<\/em><\/p>\n<p><em>el dia 2 de mayo est\u00e1bamos llegando a  un acuerdo por all\u00ed de las 5 y 6 de la tarde, que al otro dia \u00edbamos a  entablar otro d\u00eda de dialogo lo que hab\u00edan hecho esos 15 con el jefe  paramilitar los Luises, ya estaban organizando otra cosa a fuera, en la  tarde del dia 2 de mayo estaban llegando compa\u00f1eros bases de apoyo  zapatista en nuestro Caracol para hacer otros trabajo como zona y esto  paramilitares ya estaban emboscados en la entrada de la comunidad para  agredir a nuestros compa\u00f1eros [&#8230;]<\/em><\/p>\n<p><em>Los paramilitares de la Realidad ya  estaban organizados y el plan de lo que iban a hacer, estaban en 2  grupos, un grupo en la entrada de la comunidad y otro grupo en el centro  armados con armas largas y corta- machetes, garrotes y piedras, antes  de llevar a cabo el asesinato empezaron con la provocaci\u00f3n destruyendo  la escuela aut\u00f3noma de nuestros compa\u00f1eros bases de apoyo de la  comunidad, cortan la tuber\u00eda de agua de nuestros compa\u00f1eros zapatistas y  del centro del caracol, nosotros nada m\u00e1s lo vimos y escuchamos, en  esos momentos estaban llegando ya los compa\u00f1eros por los otros trabajos  de la zona, inmediatamente los paramilitares de la Realidad fueron a  emboscar en la carretera en la entrada de la comunidad y empezaron a  agredir a nuestros compa\u00f1eros con piedras, garrotes, destruyendo la  parabrisas de los camiones como pudieron bajaron de los camiones  nuestros compa\u00f1eros y se defendieron, nosotros como Junta de Buen  Gobierno nos dan la informaci\u00f3n inmediata de que ya son agredidos  nuestros compa\u00f1eros y salen otros compa\u00f1eros que se encontraban en el  caracol haciendo trabajos para ayudarlos pero ya no pudieron llegar,  fueron atacados en el medio del poblado con armas de fuego y all\u00ed es  donde cae nuestro compa\u00f1ero Jos\u00e9 Luis Sol\u00eds L\u00f3pez, maestro de zona de la  escuelita por la libertad seg\u00fan las y los zapatistas, recibi\u00f3 una bala  en la pierna derecha y otro en el pecho derecho con bala de calibre 22,  con machetazo en la boca y lo rematan con un tiro de gracia a tras de la  cabeza del mismo calibre y con varios garrotazos en la espalda [&#8230;]<\/em><\/p>\n<p><em>Tenemos otros compa\u00f1eros heridos de balas, de machetes, de garrotes y piedras:<\/em><br \/>\n<em> -Romeo Jimenez Lopez herido de bala uno en la pierna derecha y otro en la pierna izquierda, de bala calibre 22.<\/em><br \/>\n<em> -Andulio Gomez lopez con un rozon de bala en el pecho-calibre 22.<\/em><br \/>\n<em> El compa\u00f1ero Abacuc Jimenez Lopez herido con machete en el brazo derecho.<\/em><br \/>\n<em> El compa\u00f1ero Yadiel Jimenez Lopez herido de machete tambien en el brazo derecho.<\/em><br \/>\n<em> El compa\u00f1ero Efrain herido de piedra en la cabeza<\/em><br \/>\n<em> el compa\u00f1eros Gerardo herido de piedra en la boca<\/em><br \/>\n<em> el compa\u00f1eros Ignacio herido de piedra en la mano derecho y en la ceja.<\/em><br \/>\n<em> el compa\u00f1ero Esau herido de piedra en la ceja.<\/em><br \/>\n<em> el compa\u00f1ero Noe herido de piedra en la cabeza<\/em><br \/>\n<em> el compa\u00f1ero Saul golpeado y por piedra en el brazo derecho<\/em><br \/>\n<em> el compa\u00f1ero Elder Darinel con golpes en el cuello<\/em><br \/>\n<em> el compa\u00f1ero Hector herido en el ojo por piedra<\/em><br \/>\n<em> el compa\u00f1ero Marin golpe en la boca destruyendole los dientes con piedra<\/em><br \/>\n<em> el compae\u00f1eo Nacho herido en la mano y el ojo con machete y piedra<\/em><br \/>\n<em> el compa\u00f1ero jairo golpes en la espalda [&#8230;]<\/em><\/p>\n<p><em>Viendo todo este problema y el  cobarde asesinato de nuestro compa\u00f1ero Galeano, la Junta de Buen  Gobierno decidi\u00f3 retirar su participaci\u00f3n y hemos decidido pasar a las  manos de la Comandancia General del Ejercito Zapatista de Liberaci\u00f3n  Nacional todo el asunto, para que investigue bien y para que se haga  justicia. Ahora hay que esperar lo que dicen nuestros compa\u00f1eros del  EZLN [&#8230;]\u201c<\/em><\/p>\n<p>A partir de aquel d\u00eda 5 de mayo  comenzaron a surgir pronunciamientos de rechazo y condena por el ataque  cobarde de la organizaci\u00f3n paramilitar llamada CIOAC-Hist\u00f3rica, en  M\u00e9xico, organizaciones, colectivos e individuxs adherentes a la Sexta  Declaraci\u00f3n de la Selva Lacandona convocaron a reuniones urgentes para  establecer acciones en apoyo y solidaridad con las comunidades  Zapatistas y exigir se detenga la guerra y el hostigamiento que padecen  nuestro compa\u00f1erxs a partir del 1 de enero de 1994.<\/p>\n<p><a href=\"http:\/\/enlacezapatista.ezln.org.mx\/2014\/05\/09\/el-dolor-y-la-rabia\/\">El dolor y la rabia<\/a> as\u00ed se titula el comunicado que el EZLN publica el 9 de mayo, de manera  desgarradora el Subcomandante Insurgente Marcos nos describe los  testimonios de las y los compa\u00f1eros del Caracol de La Realidad, del  sentimiento colectivo de rabia y tristeza por el asesinato del compa\u00f1ero  Galeano, los avances en las investigaciones que el EZLN ha llevado y  nos anuncia la cancelaci\u00f3n de la compartici\u00f3n que tendr\u00edan con los  pueblos ind\u00edgenas, del homenaje a don Luis Villoro y la participaci\u00f3n en  el seminario Etica frente al Despojo. As\u00ed nos cuenta:<\/p>\n<p><em>\u201cHace unos momentos, despu\u00e9s de que  explicamos que hab\u00edamos llegado para responder a la petici\u00f3n de apoyo de  la Junta de Buen Gobierno, un compa\u00f1ero base de apoyo, maestro del  curso \u201cLa Libertad seg\u00fan l@s Zapatistas\u201d nos ha dicho, palabras m\u00e1s,  palabras menos:<\/em><\/p>\n<p><em> \u201cClaro te decimos compa\u00f1ero  subcomandante, que viera que no somos zapatistas hace rato que  hubi\u00e9ramos tomado venganza y se hubiera hecho una mataz\u00f3n, Porque  tenemos mucho coraje con lo que le hicieron al compa\u00f1ero Galeano.\u00a0 Pero  pues somos zapatistas y no se trata de venganza sino de que haya la  justicia.\u00a0 As\u00ed que esperamos lo que nos van a decir y as\u00ed vamos a hacer\u201d<\/em><\/p>\n<p><em> Al escucharlo sent\u00ed envidia y pena.<\/em><\/p>\n<p><em> Envidia por quienes tuvieron el  privilegio de tener a mujeres y hombres, como Galeano y como \u00e9ste que  ahora habla, de maestras y maestros.\u00a0 Miles de hombres y mujeres de todo  el mundo tuvieron esa fortuna.<\/em><\/p>\n<p><em> Y pena por quienes ya no tendr\u00e1n a Galeano como maestro [&#8230;]<\/em><\/p>\n<p><em>Ahora nos dicen que empieza arriba a  alentarse el llamado \u201cmodelo Acteal\u201d: \u201cfue un conflicto intracomunitario  por un banco de arena\u201d.\u00a0 Mmh\u2026 as\u00ed que sigue la militarizaci\u00f3n, el  vocer\u00edo hist\u00e9rico de la prensa domesticada, las simulaciones, las  mentiras, la persecuci\u00f3n.\u00a0 No es gratuito que est\u00e9 ah\u00ed el viejo  Chuayffet, ahora con aplicados alumnos en el gobierno de Chiapas y en  organizaciones \u201ccampesinas\u201d.<\/em><\/p>\n<p><em> Lo que sigue ya lo conocemos.<\/em><\/p>\n<p><em> Pero yo lo que quiero es aprovechar estas l\u00edneas para preguntarles:<\/em><\/p>\n<p><em> A nosotros han sido el dolor y la  rabia quienes nos han tra\u00eddo hasta ac\u00e1.\u00a0 Si los alcanzan a sentir  tambi\u00e9n, \u00bfa ustedes a d\u00f3nde los llevan?<\/em><\/p>\n<p><em> Porque nosotros aqu\u00ed estamos, en la realidad.\u00a0 Donde siempre hemos estado.<\/em><\/p>\n<p><em> \u00bfY ustedes?\u201d<\/em><\/p>\n<p>La rabia que nos refleja el comunicado,  la rabia de quienes nos sabemos compa\u00f1eros y compa\u00f1eras de lxs  Zapatistas crece al pasar de los d\u00edas, m\u00e1s reuniones, llamados  nacionales e internacionales a movilizarnos, a informar a las personas  del por qu\u00e9 nos duele tanto la muerte de un compa\u00f1ero, del sentimiento  que invita a organizarce de mejor manera para acompa\u00f1ar el dolor, aunque  lejos nos encontremos, sobre los idiomas y formas y modos, sabernos  juntos e intentar frenar las muertes que nos aquejan, parar las balas y  las agrasiones.<\/p>\n<h2>El grito de las rabias<\/h2>\n<p>A la pregunta planteada por el EZLN a  traves del Subcomandante Insurgente Marcos en el comunicado El dolor y  la Rabia, el 13 de mayo nos presentan un nuevo comunicado, <a href=\"http:\/\/enlacezapatista.ezln.org.mx\/2014\/05\/13\/fragmentos-de-la-realidad-i\/\">Fragmentos de la Realidad I<\/a> donde conocemos de la realidad que en esos d\u00edas la comisi\u00f3n de  investigaci\u00f3n presentaba, el acoso y burla de los paramilitares, aunque  tambi\u00e9n el aviso de que las puertas estar\u00e1n abiertas para compartir su  dolor y su rabia que tambi\u00e9n nuestra es y as\u00ed acompa\u00f1ar a la familia del  compa\u00f1ero Galeano, 23 de mayo llegada al Caracol, 24 homenaje en  Caracol La Realidad y los dem\u00e1s Caracoles Zapatistas y 25 retorno a los  lugares de cada quien y una invitaci\u00f3n especial a los medios libres.<\/p>\n<p>En una carta llamada <a href=\"http:\/\/enlacezapatista.ezln.org.mx\/2014\/05\/14\/llamado-a-acciones-en-apoyo-a-los-zapatistas-semana-de-accion-y-dia-de-homenaje-18-de-mayo-al-24-de-mayo\/\">Justicia para nuestro compa\u00f1ero Galeano; fin a la guerra contra las comunidades zapatistas<\/a> intelectuales como Noam Chomsky, Angela Davis, Mike Davis, musiqueros  como Olmeca y Bocafloja y muchisimas personas, organizaciones y  colectivos llaman a crear eventos de protesta e informaci\u00f3n de lo  ocurrido en el Caracol de La Realidad comenzando el 18 de mayo hasta el  24 donde en Territorio Zapatista se rendir\u00e1 homenaje al compa\u00f1ero  Galeano.<\/p>\n<p>A partir del domingo 18 de mayo se  organizaron manifestaciones, pintas, charlas, proyecciones de peliculas,  platicas familiares, volanteos, gritos de rabias que exigen alto a la  guerra contra las comunidades Zapatistas.<\/p>\n<p>Quienes hemos sido acompa\u00f1adxs por los  Zapatistas, quienes aprendimos de su palabra, quienes fuimos sus alumnxs  en la Escuelita Zapatista sentimos el deber minimo de estar con ellxs  en estos momentos de dolor y rabia, sentimos que el coraz\u00f3n rebelde y  digno de aquellos pueblos debia acompa\u00f1arse de nuestros corazones  rabiosos y rotos, a\u00fan en la muerte nos ense\u00f1aran que otra forma de mirar  al mundo es posible, que podemos construir un mejor ma\u00f1ana para que la  vida sea vida sin muertes antes de tiempo y que el trabajo que nos queda  por hacer es tan arduo y complicado que cuando sea hecho habremos de  sonreir a la misma vida y muerte que nos llegaran.<\/p>\n<p>As\u00ed nuestra rabia nos llev\u00f3 al jueves 22  de mayo, inicio de la la caravana \u201cVamos a abrazar a la familia del  Vot\u00e1n Galeano, vamos a abrazar al pueblo Zapatista\u201d, qu\u00e9 nos espera el  viaje, qu\u00e9 alcanzaremos a conjuntar para que nuestras voces se unan a  las que en muchas partes de M\u00e9xico y del mundo habra de hacerles saber a  los pueblos Zapatistas que no estan ni estaran solxs, qu\u00e9 se dira a los  medios libres\u2026<\/p>","protected":false},"excerpt":{"rendered":"<p>[podcast]http:\/\/ia902508.us.archive.org\/24\/items\/CaravanaI\/caravana%20I.mp3[\/podcast] Peque\u00f1a cronolog\u00eda de hechos Cabe mencionar que la guerra en contra de los pueblos Zapatistas y en contra de todos los pueblos, naciones y tribus ind\u00edgenas en M\u00e9xico, comenz\u00f3 hace m\u00e1s de 500 a\u00f1os, \u00e9sta peque\u00f1a cronolog\u00eda data a partir del cobarde asesinato del compa\u00f1ero Jose Luis Sol\u00eds L\u00f3pez, Galeano y que nos llevo [&hellip;]<\/p>\n","protected":false},"author":1,"featured_media":0,"comment_status":"closed","ping_status":"closed","sticky":false,"template":"","format":"standard","meta":{"footnotes":""},"categories":[1,6,826],"tags":[822,820,151,23,27],"class_list":["post-9890","post","type-post","status-publish","format-standard","hentry","category-audio","category-chiapas","category-medios-libres-2","tag-galeanovive","tag-ataque-a-la-realidad","tag-la-realidad","tag-paramilitares","tag-solidaridad"],"_links":{"self":[{"href":"https:\/\/radiozapatista.org\/index.php?rest_route=\/wp\/v2\/posts\/9890","targetHints":{"allow":["GET"]}}],"collection":[{"href":"https:\/\/radiozapatista.org\/index.php?rest_route=\/wp\/v2\/posts"}],"about":[{"href":"https:\/\/radiozapatista.org\/index.php?rest_route=\/wp\/v2\/types\/post"}],"author":[{"embeddable":true,"href":"https:\/\/radiozapatista.org\/index.php?rest_route=\/wp\/v2\/users\/1"}],"replies":[{"embeddable":true,"href":"https:\/\/radiozapatista.org\/index.php?rest_route=%2Fwp%2Fv2%2Fcomments&post=9890"}],"version-history":[{"count":0,"href":"https:\/\/radiozapatista.org\/index.php?rest_route=\/wp\/v2\/posts\/9890\/revisions"}],"wp:attachment":[{"href":"https:\/\/radiozapatista.org\/index.php?rest_route=%2Fwp%2Fv2%2Fmedia&parent=9890"}],"wp:term":[{"taxonomy":"category","embeddable":true,"href":"https:\/\/radiozapatista.org\/index.php?rest_route=%2Fwp%2Fv2%2Fcategories&post=9890"},{"taxonomy":"post_tag","embeddable":true,"href":"https:\/\/radiozapatista.org\/index.php?rest_route=%2Fwp%2Fv2%2Ftags&post=9890"}],"curies":[{"name":"wp","href":"https:\/\/api.w.org\/{rel}","templated":true}]}}