{"id":977,"date":"2006-09-01T19:30:21","date_gmt":"2006-09-02T00:30:21","guid":{"rendered":"https:\/\/radiozapatista.org\/?p=977"},"modified":"2011-02-23T23:52:14","modified_gmt":"2011-02-24T05:52:14","slug":"programa-en-espanol-19","status":"publish","type":"post","link":"https:\/\/radiozapatista.org\/?p=977","title":{"rendered":"Programa en espa\u00f1ol"},"content":{"rendered":"<p>Programa sobre la reorganizaci\u00f3n de la Otra Campa\u00f1a, la censura, los medios de comuicaci\u00f3n, la represi\u00f3n incluyendo entrevista con Lucas \u00c1lvarez de <a href=\"http:\/\/www.jornada.unam.mx\/2006\/07\/18\/018n1pol.php\">Pol\u00edtica de Banqueta<\/a><\/p>","protected":false},"excerpt":{"rendered":"<p>Programa sobre la reorganizaci\u00f3n de la Otra Campa\u00f1a, la censura, los medios de comuicaci\u00f3n, la represi\u00f3n incluyendo entrevista con Lucas \u00c1lvarez de Pol\u00edtica de Banqueta<\/p>\n","protected":false},"author":1,"featured_media":0,"comment_status":"open","ping_status":"open","sticky":false,"template":"","format":"standard","meta":{"footnotes":""},"categories":[1,46],"tags":[18,54,87],"class_list":["post-977","post","type-post","status-publish","format-standard","hentry","category-audio","category-la-onda-bajita","tag-medios","tag-otra-campana","tag-represion"],"_links":{"self":[{"href":"https:\/\/radiozapatista.org\/index.php?rest_route=\/wp\/v2\/posts\/977","targetHints":{"allow":["GET"]}}],"collection":[{"href":"https:\/\/radiozapatista.org\/index.php?rest_route=\/wp\/v2\/posts"}],"about":[{"href":"https:\/\/radiozapatista.org\/index.php?rest_route=\/wp\/v2\/types\/post"}],"author":[{"embeddable":true,"href":"https:\/\/radiozapatista.org\/index.php?rest_route=\/wp\/v2\/users\/1"}],"replies":[{"embeddable":true,"href":"https:\/\/radiozapatista.org\/index.php?rest_route=%2Fwp%2Fv2%2Fcomments&post=977"}],"version-history":[{"count":0,"href":"https:\/\/radiozapatista.org\/index.php?rest_route=\/wp\/v2\/posts\/977\/revisions"}],"wp:attachment":[{"href":"https:\/\/radiozapatista.org\/index.php?rest_route=%2Fwp%2Fv2%2Fmedia&parent=977"}],"wp:term":[{"taxonomy":"category","embeddable":true,"href":"https:\/\/radiozapatista.org\/index.php?rest_route=%2Fwp%2Fv2%2Fcategories&post=977"},{"taxonomy":"post_tag","embeddable":true,"href":"https:\/\/radiozapatista.org\/index.php?rest_route=%2Fwp%2Fv2%2Ftags&post=977"}],"curies":[{"name":"wp","href":"https:\/\/api.w.org\/{rel}","templated":true}]}}