{"id":9727,"date":"2014-05-23T12:34:20","date_gmt":"2014-05-23T17:34:20","guid":{"rendered":"https:\/\/radiozapatista.org\/?p=9727"},"modified":"2014-06-27T13:43:24","modified_gmt":"2014-06-27T18:43:24","slug":"seguimiento-medios-libres-homenaje-al-votan-galeano-2","status":"publish","type":"post","link":"https:\/\/radiozapatista.org\/?p=9727","title":{"rendered":"Medios en la caravana Galeano Vive"},"content":{"rendered":"<p><a href=\"https:\/\/radiozapatista.org\/wp-content\/uploads\/2014\/05\/un-chingo.jpg\"><img loading=\"lazy\" decoding=\"async\" class=\"alignnone size-full wp-image-9739\" src=\"https:\/\/radiozapatista.org\/wp-content\/uploads\/2014\/05\/un-chingo.jpg\" alt=\"\" width=\"475\" height=\"268\" srcset=\"https:\/\/radiozapatista.org\/wp-content\/uploads\/2014\/05\/un-chingo.jpg 598w, https:\/\/radiozapatista.org\/wp-content\/uploads\/2014\/05\/un-chingo-350x198.jpg 350w, https:\/\/radiozapatista.org\/wp-content\/uploads\/2014\/05\/un-chingo-300x169.jpg 300w\" sizes=\"auto, (max-width: 475px) 100vw, 475px\" \/><\/a><\/p>\n<p><strong><a href=\"http:\/\/subversiones.org\/archivos\/26548\">La ma\u00f1ana de este 23 de Mayo inici\u00f3 la Caravana a La Realidad para abrazar a la familia de nuestro querido Vot\u00e1n Galeano. Sigue este enlace para escuchar y observar los primeros testimonios y videos del inicio de la Caravana (23\/Mayo\/14)<\/a><\/strong><\/p>\n<p><a href=\"http:\/\/sancristencia.org\/\"><br \/>\n<strong>Tambi\u00e9n pudes estar  al tanto en el siguiente enlace de las pr\u00f3ximas noticias, audios, videos, testimonios y producciones  enviadas desde la Caravana: http:\/\/sancristencia.org\/\u00a0 \u00a1Toda la  solidaridad con los Zapatistas! \u00a1Justicia para Galeano!<\/strong><\/a><\/p>\n<div class=\"itemFullText\">A partir de los  ataques por parte de la CIOAC-Hist\u00f3rica en contra de las Comunidades  Zapatistas de La Realidad y del llamado de la Campa\u00f1a Nacional e  Internacional en apoyo y solidaridad con las y los zapatistas, el d\u00eda  jueves 22 de mayo inici\u00f3 el recorrido de la Caravana con presencia de  Estados de la Rep\u00fablica como Oaxaca, Distrito Federal, Michoac\u00e1n,  Chiapas, Morelos, Tamaulipas, Nuevo Le\u00f3n, Jalisco, Michoac\u00e1n, Guerrero,  Campeche, Colima y de diferentes pa\u00edses del mundo.<\/p>\n<p style=\"text-align: justify\">El punto de encuentro de quienes se  dirigen a la realidad fue en San Crist\u00f3bal de las Casas, Chiapas.  Alrededor de 40 veh\u00edculos, entre compactos y autobuses, \u00a0se concentraron  con destino al Caracol I (Mar de nuestros sue\u00f1os), con mantas y  mensajes de solidaridad y apoyo.<\/p>\n<p style=\"text-align: justify\">El objetivo es la llegada a La Realidad  para hacer presencia en el homenaje que se llevar\u00e1 a cabo el s\u00e1bado 24  de mayo, as\u00ed como abrazar a la familia del compa\u00f1ero ca\u00eddo Jos\u00e9 Luis  Sol\u00eds L\u00f3pez y demostrar una vez m\u00e1s la solidaridad al proyecto de  autonom\u00eda que los pueblos zapatistas impulsan d\u00eda con d\u00eda, a pesar de  los ataques paramilitares, montajes y mentiras en su contra.<\/p>\n<p style=\"text-align: justify\">\u201cEl Dolor y la Rabia\u201d est\u00e1n visibles en  aquellas organizaciones, colectivos, as\u00ed como individuos que abrazan en  estos momentos a los sin rostro: \u201cestamos indignados, tenemos mucha  rabia, mucho coraje, vamos en camino a abrazar a los zapatistas\u201d  expresan Magdalena del Frente de Pueblo en Resistencia Organizada  (FPRO).<\/p>\n<p style=\"text-align: justify\">As\u00ed mismo algunos integrantes de la  caravana recalcan la importancia del zapatismo y la solidaridad,  \u201cdignidad, resistencia y rebeld\u00eda son las ense\u00f1anzas del zapatismo que  nos han dejado huella.\u00a0 El dolor\u00a0 no queremos dej\u00e1rselo a los  compa\u00f1eros, su ense\u00f1anza va m\u00e1s all\u00e1 de la muerte\u201d.<\/p>\n<p style=\"text-align: justify\">\n<p style=\"text-align: justify\">Una buena parte de la Caravana que se  dirige hac\u00eda La Realidad est\u00e1 integrada por alumnos de la Escuelita  Zapatista, una de ellas de nombre Guadalupe que viaja desde Sonora hace  notar a trav\u00e9s de sus palabras el dolor y la impotencia que le deja el  brutal asesinato del profesor Galeano \u201ctanto que nos cuidaron los  Votanes, hubi\u00e9ramos querido estar ah\u00ed para cuidar a nuestro querido  Maestro\u201d.<\/p>\n<p style=\"text-align: justify\">\n<p style=\"text-align: justify\">Entrevistas: Subversiones<\/p>\n<\/div>\n<p><\/p>","protected":false},"excerpt":{"rendered":"<p>La ma\u00f1ana de este 23 de Mayo inici\u00f3 la Caravana a La Realidad para abrazar a la familia de nuestro querido Vot\u00e1n Galeano. Sigue este enlace para escuchar y observar los primeros testimonios y videos del inicio de la Caravana (23\/Mayo\/14) Tambi\u00e9n pudes estar al tanto en el siguiente enlace de las pr\u00f3ximas noticias, audios, [&hellip;]<\/p>\n","protected":false},"author":13,"featured_media":0,"comment_status":"closed","ping_status":"closed","sticky":false,"template":"","format":"standard","meta":{"footnotes":""},"categories":[1,826],"tags":[822,820,23],"class_list":["post-9727","post","type-post","status-publish","format-standard","hentry","category-audio","category-medios-libres-2","tag-galeanovive","tag-ataque-a-la-realidad","tag-paramilitares"],"_links":{"self":[{"href":"https:\/\/radiozapatista.org\/index.php?rest_route=\/wp\/v2\/posts\/9727","targetHints":{"allow":["GET"]}}],"collection":[{"href":"https:\/\/radiozapatista.org\/index.php?rest_route=\/wp\/v2\/posts"}],"about":[{"href":"https:\/\/radiozapatista.org\/index.php?rest_route=\/wp\/v2\/types\/post"}],"author":[{"embeddable":true,"href":"https:\/\/radiozapatista.org\/index.php?rest_route=\/wp\/v2\/users\/13"}],"replies":[{"embeddable":true,"href":"https:\/\/radiozapatista.org\/index.php?rest_route=%2Fwp%2Fv2%2Fcomments&post=9727"}],"version-history":[{"count":0,"href":"https:\/\/radiozapatista.org\/index.php?rest_route=\/wp\/v2\/posts\/9727\/revisions"}],"wp:attachment":[{"href":"https:\/\/radiozapatista.org\/index.php?rest_route=%2Fwp%2Fv2%2Fmedia&parent=9727"}],"wp:term":[{"taxonomy":"category","embeddable":true,"href":"https:\/\/radiozapatista.org\/index.php?rest_route=%2Fwp%2Fv2%2Fcategories&post=9727"},{"taxonomy":"post_tag","embeddable":true,"href":"https:\/\/radiozapatista.org\/index.php?rest_route=%2Fwp%2Fv2%2Ftags&post=9727"}],"curies":[{"name":"wp","href":"https:\/\/api.w.org\/{rel}","templated":true}]}}