{"id":9663,"date":"2014-05-21T15:58:38","date_gmt":"2014-05-21T20:58:38","guid":{"rendered":"https:\/\/radiozapatista.org\/?p=9663"},"modified":"2014-06-27T13:44:26","modified_gmt":"2014-06-27T18:44:26","slug":"homenaje-a-votan-galeano-y-jornadas-de-reflexion-en-valencia-23-y-24-de-mayo","status":"publish","type":"post","link":"https:\/\/radiozapatista.org\/?p=9663","title":{"rendered":"Homenaje a Vot\u00e1n Galeano y jornadas de reflexi\u00f3n en Valencia 23 y 24 de Mayo"},"content":{"rendered":"<p><\/p>\n<h1 style=\"font-size: 1.5em;text-align: right\">Biblioteca Libertaria Ferrer i Gu\u00e0rdia. CGT Valencia<\/h1>\n<p>Desde la Confederaci\u00f3n General del Trabajo (CGT) queremos lanzar una  propuesta para hacer llegar a todas y todos una aproximaci\u00f3n, alegre y  digna, a los procesos de autonom\u00eda que crecen en territorio zapatista.  Tras treinta a\u00f1os de resistencia y lucha contra el neoliberalismo  encarnado en el mal gobierno mexicano, las y los zapatistas han  construido un inspirado e interesante proceso de autogesti\u00f3n, autonom\u00eda y  empoderamiento colectivo que queremos festejar, difundir, saludar y  ayudar en la medida de lo posible a fortalecer.<\/p>\n<p>Os invitamos con entusiasmo a participar de estas jornadas los d\u00edas  23 y 24 de mayo en Valencia, a aportar vuestra presencia, opini\u00f3n,  preguntas y sue\u00f1os.<\/p>\n<p>Los momentos que viven las y los compa\u00f1eros  zapatistas en Chiapas es a d\u00eda de hoy especialmente dif\u00edcil. Queremos  dedicar estos d\u00edas de aprendizaje y lucha a la memoria del Vot\u00e1n  (maestro) Jos\u00e9 Luis Sol\u00eds L\u00f3pez &#8220;Galeano&#8221; asesinado el d\u00eda dos de mayo  por fuerzas paramilitares en el Caracol zapatista de la Realidad&#8230;<\/p>\n<p><span style=\"font-style: italic\">ZAPATA VIVE! LA LUCHA SIGUE!<\/span><\/p>\n<p>Las jornadas empiezan el d\u00eda\u00a0<span style=\"font-weight: bold\">23 de mayo<\/span> (viernes) :<\/p>\n<p>A  las 19:00 contaremos con la presencia de M\u00f3nica Monroy ( activista y  adherente a la Sexta del EZLN) que nos expondr\u00e1 la charla\u00a0<span style=\"font-weight: bold\">&#8220;Estrategias de Contrainsurgencia en Chiapas&#8221;<\/span>.<\/p>\n<p>A las 21:30 debatiremos sobre lo expuesto por la compa\u00f1era M\u00f3nica durante una\u00a0<span style=\"font-weight: bold\">cena<\/span> a precio voluntario.<\/p>\n<p>A las 23:00 Los m\u00fasicos de Banda Lokura (rock) y Los del Jhonny ( swing blues) nos ofrecer\u00e1n un<span style=\"font-weight: bold\">concierto<\/span> para cerrar el d\u00eda fraternalmente.<\/p>\n<p>El d\u00eda\u00a0<span style=\"font-weight: bold\">24 de mayo<\/span> (s\u00e1bado) las jornadas continuar\u00e1n:<\/p>\n<p>A las 10:00 empezar\u00e1 la elaboraci\u00f3n del\u00a0<span style=\"font-weight: bold\">mural solidario con los presos y presas encarcelados en las prisiones del mundo por oponer resistencia a los malos gobiernos<\/span>.  La propuesta parte de la idea de reforzar la reivindicaci\u00f3n de los  presos Alejandro S\u00e1ntiz y \u00c1lvaro Sebasti\u00e1n, presos pol\u00edticos adherentes a  la Sexta en Chiapas y Oaxaca respectivamente.<\/p>\n<p>A las 18:30 La compa\u00f1era Lola Cubells (adeherente a la Sexta del EZLN) nos expondr\u00e1 la charla\u00a0<span style=\"font-weight: bold\">&#8220;\u00bfComo se organizan las comunidades zapatistas?&#8221;<\/span> seguido del relato del compa\u00f1ero Javier S\u00e1nchez (del equipo de RRII de CGT para M\u00e9xico) sobre<span style=\"font-weight: bold\"> &#8220;Experiencia en la Escuelita de la Libertad seg\u00fan las y los zapatistas&#8221;<\/span>.<\/p>\n<p>A las 20:30 se llevar\u00e1 a cabo la\u00a0<span style=\"font-weight: bold\">proyecci\u00f3n de la pel\u00edcula &#8220;Coraz\u00f3n del Tiempo&#8221;<\/span> rodada  integramente en territorio zapatista y que nos acerca a la realidad  cotidiana de las comunidades zapatistas. Excelente pel\u00edcula para  introducirse en la lucha del EZLN.<\/p>\n<p>A las 23:00 de la noche, despu\u00e9s de la\u00a0<span style=\"font-weight: bold\">cena<\/span>, contaremos con la\u00a0<span style=\"font-weight: bold\">actuaci\u00f3n<\/span> de  la cantante mexicana Mariana Rodr\u00edguez y su guitarrista David Cano, y  del grupo de flamenco de la Biblioteca Libertaria Ferrer i Guardia.<\/p>\n<p><span style=\"font-weight: bold\">Os invitamos a asistir, participar, y compartir preguntas, reflexiones y esperanzas.<br \/>\n<\/span><br \/>\n<span style=\"font-weight: bold\"> <\/span><br \/>\n<span style=\"font-weight: bold\">La Autonom\u00eda es la vida, la sumisi\u00f3n es la muerte&#8230;<\/span><br \/>\n<span style=\"font-weight: bold\"> <\/span><br \/>\n<span style=\"font-weight: bold\">\u00a1Solidaridad con las comunidades zapatistas!<\/span><\/p>\n<p><span style=\"font-weight: bold\">Homenaje del EZLN al Vot\u00e1n Galeano<\/span><\/p>\n<p style=\"text-align: center\"><span style=\"font-weight: bold\"><a href=\"https:\/\/radiozapatista.org\/wp-content\/uploads\/2014\/05\/unnamed.jpg\"><img loading=\"lazy\" decoding=\"async\" class=\"size-medium wp-image-9664 aligncenter\" src=\"https:\/\/radiozapatista.org\/wp-content\/uploads\/2014\/05\/unnamed-212x300.jpg\" alt=\"\" width=\"212\" height=\"300\" srcset=\"https:\/\/radiozapatista.org\/wp-content\/uploads\/2014\/05\/unnamed-212x300.jpg 212w, https:\/\/radiozapatista.org\/wp-content\/uploads\/2014\/05\/unnamed.jpg 318w\" sizes=\"auto, (max-width: 212px) 100vw, 212px\" \/><\/a><br \/>\n<\/span><\/p>\n<p><\/p>","protected":false},"excerpt":{"rendered":"<p>Biblioteca Libertaria Ferrer i Gu\u00e0rdia. CGT Valencia Desde la Confederaci\u00f3n General del Trabajo (CGT) queremos lanzar una propuesta para hacer llegar a todas y todos una aproximaci\u00f3n, alegre y digna, a los procesos de autonom\u00eda que crecen en territorio zapatista. Tras treinta a\u00f1os de resistencia y lucha contra el neoliberalismo encarnado en el mal gobierno [&hellip;]<\/p>\n","protected":false},"author":13,"featured_media":0,"comment_status":"closed","ping_status":"closed","sticky":false,"template":"","format":"standard","meta":{"footnotes":""},"categories":[183],"tags":[822,820,23,27],"class_list":["post-9663","post","type-post","status-publish","format-standard","hentry","category-blog","tag-galeanovive","tag-ataque-a-la-realidad","tag-paramilitares","tag-solidaridad"],"_links":{"self":[{"href":"https:\/\/radiozapatista.org\/index.php?rest_route=\/wp\/v2\/posts\/9663","targetHints":{"allow":["GET"]}}],"collection":[{"href":"https:\/\/radiozapatista.org\/index.php?rest_route=\/wp\/v2\/posts"}],"about":[{"href":"https:\/\/radiozapatista.org\/index.php?rest_route=\/wp\/v2\/types\/post"}],"author":[{"embeddable":true,"href":"https:\/\/radiozapatista.org\/index.php?rest_route=\/wp\/v2\/users\/13"}],"replies":[{"embeddable":true,"href":"https:\/\/radiozapatista.org\/index.php?rest_route=%2Fwp%2Fv2%2Fcomments&post=9663"}],"version-history":[{"count":0,"href":"https:\/\/radiozapatista.org\/index.php?rest_route=\/wp\/v2\/posts\/9663\/revisions"}],"wp:attachment":[{"href":"https:\/\/radiozapatista.org\/index.php?rest_route=%2Fwp%2Fv2%2Fmedia&parent=9663"}],"wp:term":[{"taxonomy":"category","embeddable":true,"href":"https:\/\/radiozapatista.org\/index.php?rest_route=%2Fwp%2Fv2%2Fcategories&post=9663"},{"taxonomy":"post_tag","embeddable":true,"href":"https:\/\/radiozapatista.org\/index.php?rest_route=%2Fwp%2Fv2%2Ftags&post=9663"}],"curies":[{"name":"wp","href":"https:\/\/api.w.org\/{rel}","templated":true}]}}