{"id":9406,"date":"2014-04-05T17:13:23","date_gmt":"2014-04-05T23:13:23","guid":{"rendered":"https:\/\/radiozapatista.org\/?p=9406"},"modified":"2020-01-25T08:14:39","modified_gmt":"2020-01-25T14:14:39","slug":"presentacion-de-los-libros-%e2%80%9cel-tejido-de-la-rebeldia-%c2%bfque-es-el-feminismo-comunitario%e2%80%9d-y-%e2%80%9chilando-fino-desde-el-feminismo-comunitario%e2%80%9d","status":"publish","type":"post","link":"https:\/\/radiozapatista.org\/?p=9406","title":{"rendered":"Presentaci\u00f3n de los libros: \u201cEl tejido de la Rebeld\u00eda \u00bfQu\u00e9 es el feminismo comunitario?\u201d y \u201cHilando fino desde el feminismo comunitario\u201d"},"content":{"rendered":"<p><\/p>\n<p style=\"text-align: center;\"><a href=\"https:\/\/radiozapatista.org\/wp-content\/uploads\/2014\/04\/femi6.jpg\"><img loading=\"lazy\" decoding=\"async\" class=\"size-medium wp-image-9407  aligncenter\" title=\"femi6\" src=\"https:\/\/radiozapatista.org\/wp-content\/uploads\/2014\/04\/femi6-300x200.jpg\" alt=\"\" width=\"300\" height=\"200\" srcset=\"https:\/\/radiozapatista.org\/wp-content\/uploads\/2014\/04\/femi6-300x200.jpg 300w, https:\/\/radiozapatista.org\/wp-content\/uploads\/2014\/04\/femi6-350x234.jpg 350w, https:\/\/radiozapatista.org\/wp-content\/uploads\/2014\/04\/femi6.jpg 718w\" sizes=\"auto, (max-width: 300px) 100vw, 300px\" \/><\/a><\/p>\n<h4>ESUCHA Y\/O DESCARGA LOS AUDIOS DE LA PRESENTACI\u00d3N:<\/h4>\n<p>Introducci\u00f3n en tseltal &#8211; Feminismo Comunitario [ 0.01 MB ]<br \/>\n[podcast]http:\/\/komanilel.org\/podpress_trac\/web\/8474\/0\/intro_tseltal.mp3[\/podcast]<\/p>\n<p>Introducci\u00f3n en tseltal &#8211; Feminismo Comunitario [ 0.01 MB ]<br \/>\n[podcast]http:\/\/komanilel.org\/podpress_trac\/web\/8474\/1\/intro_tsotsil.mp3[\/podcast]<\/p>\n<p>Introducci\u00f3n de Xuno y Nelly &#8211; Feminismo Comunitario [ 0.01 MB ]<br \/>\n[podcast]http:\/\/komanilel.org\/podpress_trac\/web\/8474\/2\/presentacion_xuno_nelly.mp3[\/podcast]<\/p>\n<p>Palabras de Adriana Guzm\u00e1n &#8211; Feminismo Comunitario [ 0.01 MB ]<br \/>\n[podcast]http:\/\/komanilel.org\/podpress_trac\/web\/8474\/3\/palabras_adriana_con_traduccion.mp3[\/podcast]<\/p>\n<p>Palabras de Julieta Paredes &#8211; Feminismo Comunitario [ 0.01 MB ]<br \/>\n[podcast]http:\/\/komanilel.org\/podpress_trac\/web\/8474\/4\/palabras_julieta_con_traduccion.mp3[\/podcast]<\/p>\n<p>Ronda de preguntas y respuestas &#8211; Feminismo Comunitario [ 0.01 MB ]<br \/>\n[podcast]http:\/\/komanilel.org\/podpress_trac\/web\/8474\/5\/preguntas_respuestas.mp3[\/podcast]<\/p>\n<p><!--more--><\/p>\n<p style=\"text-align: center;\">3 de abril de 2014. 17:00hrs<br \/>\nCideci-Unitierra Chiapas<br \/>\nSan Crist\u00f3bal de las Casas, Chiapas.<\/p>\n<p style=\"text-align: center;\">Presentan: Nelly Cubillos y las autoras: Julieta Paredes, Adriana Guzm\u00e1n<\/p>\n<p><strong>\u201cEl tejido de la Rebeld\u00eda \u00bfqu\u00e9 es el feminismo comunitario?\u201d<\/strong> de las autoras Julieta Paredes C. y Adriana Guzm\u00e1n Arroyo, es un libro  necesario para el momento que vive la humanidad. La propuesta del  feminismo comunitario es expuesta de una manera que recupera las  esperanzas de construir un mundo donde no existan opresiones, un mundo  so\u00f1ado desde las mujeres para toda la humanidad y la naturaleza.  Posiciona el pensamiento Feminista Comunitario frente al colonialismo y  las manipulaciones del patriarcado que, a veces, se ejerce tambi\u00e9n desde  el feminismo euro occidental. Escrito desde el proceso de cambios de  Bolivia, que tiene como actoras fundamentales a los pueblos ind\u00edgenas,  las autoras que son del pueblo Aymara convocan a la construcci\u00f3n del  movimiento del Feminismo Comunitario en Abya Yala.<\/p>\n<p><strong>\u201cHilando Fino\u201d<\/strong> es un  libro de Julieta Paredes Carvajal, publicado en el 2008 en Bolivia y que  hoy tiene su 2\u00b0 edici\u00f3n mexicana. Es un libro desde el Feminismo  Comunitario y sus propuestas de y con las mujeres en el proceso de  cambio en Bolivia, recoge el camino de la comunidad Mujeres Creando  comunidad, y los an\u00e1lisis y propuestas concretas para pol\u00edticas p\u00fablicas  en Bolivia. Hilando Fino ha sido construido en el di\u00e1logo con  comunidades de pueblos originarios del Departamento de La Paz. Hoy su  contenido es el Marco Conceptual del actual Plan Nacional de Igualdad de  Oportunidades del Gobierno de Evo Morales. Es una cr\u00edtica a las  pol\u00edticas p\u00fablicas neoliberales para las mujeres y es una propuesta  novedosa de pol\u00edtica p\u00fablica de las mujeres en Bolivia, que se construye  de abajo hacia la izquierda.<\/p>\n<p><strong>Semblanza de las autoras:<\/strong><br \/>\n\u201csomos Feministas Comunitarias. Luchadoras, activistas y pensadoras de  los caminos de liberaci\u00f3n de nuestras comunidades y nuestros pueblos.  Desde muy j\u00f3venes luchadoras contra las dictaduras y contra el  neoliberalismo, posteriormente al encontrar el feminismo Latinoamericano  y del Caribe el espacio para construir acciones y pensamientos desde  las mujeres, se ha dado un giro de la militancia de izquierda a la  profundidad de pensar, so\u00f1ar y luchar desde nuestros cuerpos de  mujeres\u201d.<\/p>\n<p style=\"text-align: center;\">\n<div class=\"mceIEcenter\">\n<dl class=\"aligncenter\">\n<dt> <a href=\"http:\/\/komanilel.org\/2014\/04\/01\/presentacion-de-los-libros-el-tejido-de-la-rebeldia-que-es-el-feminismo-comunitario-y-hilando-fino-desde-el-feminismo-comunitario\/femi\/\"><img loading=\"lazy\" decoding=\"async\" src=\"http:\/\/komanilel.org\/wp-content\/uploads\/2014\/04\/femi.jpg\" alt=\"femi\" width=\"200\" height=\"116\" \/><\/a> <\/dt>\n<\/dl>\n<dl>\n<dt style=\"text-align: center;\"> <a href=\"http:\/\/komanilel.org\/2014\/04\/01\/presentacion-de-los-libros-el-tejido-de-la-rebeldia-que-es-el-feminismo-comunitario-y-hilando-fino-desde-el-feminismo-comunitario\/femi2\/\"><img loading=\"lazy\" decoding=\"async\" src=\"http:\/\/komanilel.org\/wp-content\/uploads\/2014\/04\/femi2.jpg\" alt=\"femi2\" width=\"200\" height=\"133\" \/><\/a> <\/dt>\n<\/dl>\n<dl>\n<dt> <a href=\"http:\/\/komanilel.org\/2014\/04\/01\/presentacion-de-los-libros-el-tejido-de-la-rebeldia-que-es-el-feminismo-comunitario-y-hilando-fino-desde-el-feminismo-comunitario\/femi3\/\"><img loading=\"lazy\" decoding=\"async\" src=\"http:\/\/komanilel.org\/wp-content\/uploads\/2014\/04\/femi3.jpg\" alt=\"femi3\" width=\"84\" height=\"150\" \/><\/a> <\/dt>\n<\/dl>\n<dl>\n<dt> <a href=\"http:\/\/komanilel.org\/2014\/04\/01\/presentacion-de-los-libros-el-tejido-de-la-rebeldia-que-es-el-feminismo-comunitario-y-hilando-fino-desde-el-feminismo-comunitario\/femi4\/\"><img loading=\"lazy\" decoding=\"async\" src=\"http:\/\/komanilel.org\/wp-content\/uploads\/2014\/04\/femi4.jpg\" alt=\"femi4\" width=\"100\" height=\"150\" \/><\/a> <\/dt>\n<\/dl>\n<dl>\n<dt> <a href=\"http:\/\/komanilel.org\/2014\/04\/01\/presentacion-de-los-libros-el-tejido-de-la-rebeldia-que-es-el-feminismo-comunitario-y-hilando-fino-desde-el-feminismo-comunitario\/femi5\/\"><img loading=\"lazy\" decoding=\"async\" src=\"http:\/\/komanilel.org\/wp-content\/uploads\/2014\/04\/femi5.jpg\" alt=\"femi5\" width=\"200\" height=\"112\" \/><\/a> <\/dt>\n<\/dl>\n<dl>\n<dt> <a href=\"http:\/\/komanilel.org\/2014\/04\/01\/presentacion-de-los-libros-el-tejido-de-la-rebeldia-que-es-el-feminismo-comunitario-y-hilando-fino-desde-el-feminismo-comunitario\/femi6\/\"><img loading=\"lazy\" decoding=\"async\" src=\"http:\/\/komanilel.org\/wp-content\/uploads\/2014\/04\/femi6.jpg\" alt=\"femi6\" width=\"200\" height=\"133\" \/><\/a> <\/dt>\n<\/dl>\n<dl>\n<dt> <a href=\"http:\/\/komanilel.org\/2014\/04\/01\/presentacion-de-los-libros-el-tejido-de-la-rebeldia-que-es-el-feminismo-comunitario-y-hilando-fino-desde-el-feminismo-comunitario\/femi7\/\"><img loading=\"lazy\" decoding=\"async\" src=\"http:\/\/komanilel.org\/wp-content\/uploads\/2014\/04\/femi7.jpg\" alt=\"femi7\" width=\"100\" height=\"150\" \/><\/a> <\/dt>\n<\/dl>\n<dl>\n<dt> <a href=\"http:\/\/komanilel.org\/2014\/04\/01\/presentacion-de-los-libros-el-tejido-de-la-rebeldia-que-es-el-feminismo-comunitario-y-hilando-fino-desde-el-feminismo-comunitario\/femi8\/\"><img loading=\"lazy\" decoding=\"async\" src=\"http:\/\/komanilel.org\/wp-content\/uploads\/2014\/04\/femi8.jpg\" alt=\"femi8\" width=\"100\" height=\"150\" \/><\/a> <\/dt>\n<\/dl>\n<dl>\n<dt> <a href=\"http:\/\/komanilel.org\/2014\/04\/01\/presentacion-de-los-libros-el-tejido-de-la-rebeldia-que-es-el-feminismo-comunitario-y-hilando-fino-desde-el-feminismo-comunitario\/femi9\/\"><img loading=\"lazy\" decoding=\"async\" src=\"http:\/\/komanilel.org\/wp-content\/uploads\/2014\/04\/femi9.jpg\" alt=\"femi9\" width=\"200\" height=\"127\" \/><\/a> <\/dt>\n<\/dl>\n<dl>\n<dt> <a href=\"http:\/\/komanilel.org\/2014\/04\/01\/presentacion-de-los-libros-el-tejido-de-la-rebeldia-que-es-el-feminismo-comunitario-y-hilando-fino-desde-el-feminismo-comunitario\/femi10\/\"><img loading=\"lazy\" decoding=\"async\" src=\"http:\/\/komanilel.org\/wp-content\/uploads\/2014\/04\/femi10.jpg\" alt=\"femi10\" width=\"200\" height=\"134\" \/><\/a> <\/dt>\n<\/dl>\n<dl>\n<dt> <a href=\"http:\/\/komanilel.org\/2014\/04\/01\/presentacion-de-los-libros-el-tejido-de-la-rebeldia-que-es-el-feminismo-comunitario-y-hilando-fino-desde-el-feminismo-comunitario\/femi11\/\"><img loading=\"lazy\" decoding=\"async\" src=\"http:\/\/komanilel.org\/wp-content\/uploads\/2014\/04\/femi11.jpg\" alt=\"femi11\" width=\"200\" height=\"122\" \/><\/a> <\/dt>\n<\/dl>\n<dl>\n<dt> <a href=\"http:\/\/komanilel.org\/2014\/04\/01\/presentacion-de-los-libros-el-tejido-de-la-rebeldia-que-es-el-feminismo-comunitario-y-hilando-fino-desde-el-feminismo-comunitario\/femi12\/\"><img loading=\"lazy\" decoding=\"async\" src=\"http:\/\/komanilel.org\/wp-content\/uploads\/2014\/04\/femi12.jpg\" alt=\"femi12\" width=\"200\" height=\"131\" \/><\/a> <\/dt>\n<\/dl>\n<dl>\n<dt> <a href=\"http:\/\/komanilel.org\/2014\/04\/01\/presentacion-de-los-libros-el-tejido-de-la-rebeldia-que-es-el-feminismo-comunitario-y-hilando-fino-desde-el-feminismo-comunitario\/femi13\/\"><img loading=\"lazy\" decoding=\"async\" src=\"http:\/\/komanilel.org\/wp-content\/uploads\/2014\/04\/femi13.jpg\" alt=\"femi13\" width=\"99\" height=\"150\" \/><\/a> <\/dt>\n<\/dl>\n<dl>\n<dt> <a href=\"http:\/\/komanilel.org\/2014\/04\/01\/presentacion-de-los-libros-el-tejido-de-la-rebeldia-que-es-el-feminismo-comunitario-y-hilando-fino-desde-el-feminismo-comunitario\/femi14\/\"><img loading=\"lazy\" decoding=\"async\" src=\"http:\/\/komanilel.org\/wp-content\/uploads\/2014\/04\/femi14.jpg\" alt=\"femi14\" width=\"200\" height=\"133\" \/><\/a> <\/dt>\n<\/dl>\n<dl>\n<dt> <a href=\"http:\/\/komanilel.org\/2014\/04\/01\/presentacion-de-los-libros-el-tejido-de-la-rebeldia-que-es-el-feminismo-comunitario-y-hilando-fino-desde-el-feminismo-comunitario\/femi15\/\"><img loading=\"lazy\" decoding=\"async\" src=\"http:\/\/komanilel.org\/wp-content\/uploads\/2014\/04\/femi15.jpg\" alt=\"femi15\" width=\"200\" height=\"133\" \/><\/a> <\/dt>\n<\/dl>\n<\/div>\n<p style=\"text-align: center;\"><a href=\"http:\/\/komanilel.org\/wp-content\/uploads\/2014\/04\/nuevo-1.jpg\"><img decoding=\"async\" src=\"http:\/\/komanilel.org\/wp-content\/uploads\/2014\/04\/nuevo-1.jpg\" alt=\"nuevo-1\" width=\"480\" \/><\/a><\/p>\n<\/p>\n<p><\/p>","protected":false},"excerpt":{"rendered":"<p>ESUCHA Y\/O DESCARGA LOS AUDIOS DE LA PRESENTACI\u00d3N: Introducci\u00f3n en tseltal &#8211; Feminismo Comunitario [ 0.01 MB ] [podcast]http:\/\/komanilel.org\/podpress_trac\/web\/8474\/0\/intro_tseltal.mp3[\/podcast] Introducci\u00f3n en tseltal &#8211; Feminismo Comunitario [ 0.01 MB ] [podcast]http:\/\/komanilel.org\/podpress_trac\/web\/8474\/1\/intro_tsotsil.mp3[\/podcast] Introducci\u00f3n de Xuno y Nelly &#8211; Feminismo Comunitario [ 0.01 MB ] [podcast]http:\/\/komanilel.org\/podpress_trac\/web\/8474\/2\/presentacion_xuno_nelly.mp3[\/podcast] Palabras de Adriana Guzm\u00e1n &#8211; Feminismo Comunitario [ 0.01 MB ] [podcast]http:\/\/komanilel.org\/podpress_trac\/web\/8474\/3\/palabras_adriana_con_traduccion.mp3[\/podcast] [&hellip;]<\/p>\n","protected":false},"author":1,"featured_media":0,"comment_status":"open","ping_status":"open","sticky":false,"template":"","format":"standard","meta":{"footnotes":""},"categories":[1,51,6,296,1284,961],"tags":[923,812,485,41],"class_list":["post-9406","post","type-post","status-publish","format-standard","hentry","category-audio","category-autor","category-chiapas","category-koman-ilel","category-latinoamerica","category-mujeres","tag-cideci","tag-feminismo","tag-genero","tag-mujeres"],"_links":{"self":[{"href":"https:\/\/radiozapatista.org\/index.php?rest_route=\/wp\/v2\/posts\/9406","targetHints":{"allow":["GET"]}}],"collection":[{"href":"https:\/\/radiozapatista.org\/index.php?rest_route=\/wp\/v2\/posts"}],"about":[{"href":"https:\/\/radiozapatista.org\/index.php?rest_route=\/wp\/v2\/types\/post"}],"author":[{"embeddable":true,"href":"https:\/\/radiozapatista.org\/index.php?rest_route=\/wp\/v2\/users\/1"}],"replies":[{"embeddable":true,"href":"https:\/\/radiozapatista.org\/index.php?rest_route=%2Fwp%2Fv2%2Fcomments&post=9406"}],"version-history":[{"count":1,"href":"https:\/\/radiozapatista.org\/index.php?rest_route=\/wp\/v2\/posts\/9406\/revisions"}],"predecessor-version":[{"id":33928,"href":"https:\/\/radiozapatista.org\/index.php?rest_route=\/wp\/v2\/posts\/9406\/revisions\/33928"}],"wp:attachment":[{"href":"https:\/\/radiozapatista.org\/index.php?rest_route=%2Fwp%2Fv2%2Fmedia&parent=9406"}],"wp:term":[{"taxonomy":"category","embeddable":true,"href":"https:\/\/radiozapatista.org\/index.php?rest_route=%2Fwp%2Fv2%2Fcategories&post=9406"},{"taxonomy":"post_tag","embeddable":true,"href":"https:\/\/radiozapatista.org\/index.php?rest_route=%2Fwp%2Fv2%2Ftags&post=9406"}],"curies":[{"name":"wp","href":"https:\/\/api.w.org\/{rel}","templated":true}]}}