{"id":9351,"date":"2014-03-31T21:35:06","date_gmt":"2014-04-01T03:35:06","guid":{"rendered":"https:\/\/radiozapatista.org\/?p=9351"},"modified":"2017-07-04T08:35:53","modified_gmt":"2017-07-04T13:35:53","slug":"pronunciamiento-del-congreso-nacional-indigena-cni-istmo","status":"publish","type":"post","link":"https:\/\/radiozapatista.org\/?p=9351","title":{"rendered":"Pronunciamiento del Congreso Nacional Ind\u00edgena CNI-Istmo"},"content":{"rendered":"<p><\/p>\n<p style=\"text-align: center;\"><strong>PRONUNCIAMIENTO CONGRESO NACIONAL INDIGENA<br \/>\nCNI &#8211; ISTMO<\/strong><\/p>\n<p style=\"text-align: right;\"><strong>Comunidad binniz\u00e1 de \u00c1lvaro Obreg\u00f3n<br \/>\nIstmo de Tehuantepec<br \/>\n29 de marzo 2014<\/strong><\/p>\n<p>Los pueblos binniz\u00e1 (zapoteca), ikoot (huave), ayuuk (mixe), chol, nuntaj+yi (popoluca), nahua, zoque y mestizos de los Estados de Oaxaca, Veracruz, Chiapas y el Df, as\u00ed como visitantes de pa\u00edses como Italia, Francia y Estados Unidos, y observadores internacionales del grupo de Brigadas de Paz Internacional (PBI), que participamos en la primera sesi\u00f3n del Congreso Nacional Ind\u00edgena \u2013 regi\u00f3n Istmo, nos reunimos en esta comunidad zapoteca de \u00c1lvaro Obreg\u00f3n, que se encuentra en lucha por la defensa de su territorio contra las empresas e\u00f3licas trasnacionales y por la construcci\u00f3n de su aut\u00f3nomia. Fuimos recibidos por los compa\u00f1eros del cabildo comunitario, el consejo de ancianos y resguardados por la polic\u00eda comunitaria \u201cGral. Charis\u201d de esta comunidad, que contin\u00faan m\u00e1s firmes que nunca a pesar del constante hostigamiento que han sufrido en los \u00faltimos meses por parte de los gobiernos municipal y estatal y los lideres de la COCEI-PRD-PT y del PRI de Juchit\u00e1n, Oaxaca.<\/p>\n<p>Iniciamos nuestra sesi\u00f3n del CNI con una ceremonia ikoots, debajo de un \u00e1rbol de guanacastle en la plaza principal de la comunidad. Posteriormente, los 200 delegados y delegadas participantes recordamos nuestros pasos como Congreso Nacional Ind\u00edgena, desde nuestra fundaci\u00f3n en Octubre de 1996 hasta la C\u00e1tedra Tata Juan Chavez Alonso, celebrada en Agosto 2013 en la cual acordamos fortalecernos desde las diversas regiones ind\u00edgenas del pa\u00eds y aceptar la invitaci\u00f3n de la representaci\u00f3n del EZLN en la C\u00e1tedra, de enviar representantes de nuestras comunidades a visitar pr\u00f3ximamente las comunidades aut\u00f3nomas zapatistas.<\/p>\n<p>Tambi\u00e9n recordamos los cinco pilares fundamentales de la comunalidad que nos caracteriza: el poder de la asamblea comunitaria, el disfrute y la fiesta, el territorio, la milpa y el trabajo comunitario. Abrimos un espacio de di\u00e1logo, comunicaci\u00f3n y reflexi\u00f3n entre los pueblos que convivimos en el Istmo sobre los diferentes aspectos de nuestra vida comunitaria: gobierno aut\u00f3nomo; defensa territorial; justicia y seguridad comunitaria; producci\u00f3n, alimentaci\u00f3n y salud; comunicaci\u00f3n y educaci\u00f3n.<\/p>\n<p>Reconocemos que enfrentamos el despojo de las empresas trasnacionales y el hostigamiento de los malos gobiernos a trav\u00e9s de sus partidos pol\u00edticos, entrega de programas y dinero que corrompen a muchos l\u00edderes y nos dividen en nuestras comunidades. Vienen nuevas reformas constitucionales en materia agraria y otras leyes que pretenden prohibir las manifestaciones y movilizaciones sociales. Nos amenazan, nos encarcelan, nos reprimen.<\/p>\n<p>Frente a esto, coincidimos en organizarnos a nivel regional para resistir contra proyectos e\u00f3licos, mineros y otros megaproyectos extranjeros que pretenden despojarnos de nuestros territorios. Nos comprometemos en luchar por el fortalecimiento de nuestras autonom\u00edas como comunidades ind\u00edgenas, campesinas y mestizas. Sabemos que es un proceso complejo de lucha que implica amenazas y riesgos pero tambi\u00e9n grandes aprendizajes.<\/p>\n<p>So\u00f1amos en defender nuestros territorios comunales y reconstruir nuestras formas organizativas desde las asambleas comunitarias, con participaci\u00f3n de hombres y mujeres, j\u00f3venes, ancianos y ancianas as\u00ed como nuestros propios modos de vida y justicia comunitaria. Reivindicamos la valios\u00edsima participaci\u00f3n de las mujeres en nuestras luchas comunitarias.<\/p>\n<p>Reconocemos la importancia de fortalecer procesos de difusi\u00f3n de informaci\u00f3n de nuestras experiencias de lucha y de nuestros derechos como pueblos ind\u00edgenas, de fortalecer los esfuerzos de universidades ind\u00edgenas aut\u00f3nomas para formar j\u00f3venes que apoyen nuestros procesos de reconstrucci\u00f3n de autonom\u00eda y reforzar de manera participativa la propuesta de la Pluriversidad Ind\u00edgena Internacionalista del Istmo de Tehuantepec. Tambi\u00e9n nos parece fundamental conjuntar esfuerzos para fortalecer nuestras econom\u00edas comunitarias, mediante la recuperaci\u00f3n de la producci\u00f3n comunitaria, ayuda mutua, el tequio, el comercio regional, el trueque, el consumo de nuestros productos regionales como el ma\u00edz, frijol, calabaza, pescado, el uso de nuestras lenguas y salud tradicional, as\u00ed como el impulso de empresas comunitarias como formas de resistencia a las empresas trasnacionales.<\/p>\n<p>Nos comprometemos en apoyar la lucha del compa\u00f1ero Ta Pedro Mart\u00ednez Guerra de  Juchit\u00e1n por recuperar sus tierras se encuentra invadidas por la empresa Gas Natural Fenosa, y continuar denunciando y exigiendo que cesen la din\u00e1mica de hostigamiento, amenazas y represi\u00f3n que est\u00e1n sufriendo \u00e9l y su familia.<\/p>\n<p>No permitiremos la invasi\u00f3n y extracci\u00f3n de minerales para la construcci\u00f3n en el cerro de Santa Cruz Igu sitio sagrado, hist\u00f3rico y comunal, integrados a los bienes comunales de Juchit\u00e1n y nos pronunciamos en contra de la construcci\u00f3n del proyecto minero en Ixtepec, que tendr\u00e1 fuerte efectos en la salud, el ambiente y la forma de vida de todas nuestras comunidades.<\/p>\n<p>Apoyaremos la lucha de los Chimalapas por el respeto y reconocimiento de sus derechos territoriales, reconocidos en t\u00edtulos primordiales y planos definitivos de las resoluciones presidenciales que amparan los bienes comunales de San Miguel y Santa Maria Chimalapa m\u00e1s all\u00e1 de las diferencias por los l\u00edmites entre los Estados de Chiapas y Oaxaca.<\/p>\n<p>No permitiremos la entrada de empresas mineras, e\u00f3licas, tur\u00edsticas y otras en la Sierra Nuntaj+yi y Nahua de Santa Marta en el Sur de Veracruz y denunciamos la injerencia de la organizaci\u00f3n de Antorcha Campesina y de los partidos pol\u00edticos en nuestras comunidades.<\/p>\n<p>Ratificamos nuestra en\u00e9rgica oposici\u00f3n contra el despojo oficial y el hostigamiento permanente por parte de las empresas extranjeras e\u00f3licas que siguen operando en la regi\u00f3n, sin respetar diferentes recursos jur\u00eddicos interpuestos y ganados por nuestros pueblos. Nos preparamos para enfrentar las empresas mineras que pretenden entrar en la ciudad de Ixtepec y territorios ikoots.<\/p>\n<p>Exigimos el respeto a nuestros procesos auton\u00f3micos y rechazamos tajantemente la intromisi\u00f3n de los partidos pol\u00edticos en todas nuestras comunidades y de la imposici\u00f3n de \u201cadministradores\u201d en las comunidades en San Mateo del Mar y San Dioniso del Mar.<\/p>\n<p>Agradecemos a la comunidad binniz\u00e1 de \u00c1lvaro Obreg\u00f3n por su recibimiento y damos nuestro pleno respaldo a su lucha en la defensa territorial y por el respeto a la decisi\u00f3n del pueblo de recuperar sus sistema de vida comunitario: su asamblea general, cabildo, su consejo de ancianos y su polic\u00eda comunitaria. Asimismo  exigimos al gobierno de Saul Vicente Vasquez  respete la decisi\u00f3n del pueblo binni\u2019zaa nombrar al compa\u00f1ero Odelio Lopez Vicente como agente comunitario , electo en la asamblea general realizada el 8 de diciembre de 2013.<\/p>\n<p>Confirmamos que acudiremos a la invitaci\u00f3n del Ejercito Zapatista de Liberaci\u00f3n Nacional de visitar a las comunidades aut\u00f3nomas zapatistas para aprender y fortalecernos mutuamente.<\/p>\n<p style=\"text-align: center;\">\u00a1LA TIERRA, EL MAR Y EL VIENTO NO SE VENDEN,<br \/>\nSE AMAN Y SE DEFIENDEN!<\/p>\n<p style=\"text-align: center;\">\u00a1VIVA LA AUTONOM\u00cdA DE LOS PUEBLOS!<br \/>\n\u00a1NUNCA MAS UN M\u00c9XICO SIN NOSOTROS!<\/p>\n<p><\/p>","protected":false},"excerpt":{"rendered":"<p>PRONUNCIAMIENTO CONGRESO NACIONAL INDIGENA CNI &#8211; ISTMO Comunidad binniz\u00e1 de \u00c1lvaro Obreg\u00f3n Istmo de Tehuantepec 29 de marzo 2014 Los pueblos binniz\u00e1 (zapoteca), ikoot (huave), ayuuk (mixe), chol, nuntaj+yi (popoluca), nahua, zoque y mestizos de los Estados de Oaxaca, Veracruz, Chiapas y el Df, as\u00ed como visitantes de pa\u00edses como Italia, Francia y Estados Unidos, [&hellip;]<\/p>\n","protected":false},"author":1,"featured_media":0,"comment_status":"open","ping_status":"open","sticky":false,"template":"","format":"standard","meta":{"footnotes":""},"categories":[1024,943,954,183],"tags":[63,545],"class_list":["post-9351","post","type-post","status-publish","format-standard","hentry","category-cni-temas","category-cni","category-mexico","category-blog","tag-cni","tag-pueblos-indigenas"],"_links":{"self":[{"href":"https:\/\/radiozapatista.org\/index.php?rest_route=\/wp\/v2\/posts\/9351","targetHints":{"allow":["GET"]}}],"collection":[{"href":"https:\/\/radiozapatista.org\/index.php?rest_route=\/wp\/v2\/posts"}],"about":[{"href":"https:\/\/radiozapatista.org\/index.php?rest_route=\/wp\/v2\/types\/post"}],"author":[{"embeddable":true,"href":"https:\/\/radiozapatista.org\/index.php?rest_route=\/wp\/v2\/users\/1"}],"replies":[{"embeddable":true,"href":"https:\/\/radiozapatista.org\/index.php?rest_route=%2Fwp%2Fv2%2Fcomments&post=9351"}],"version-history":[{"count":0,"href":"https:\/\/radiozapatista.org\/index.php?rest_route=\/wp\/v2\/posts\/9351\/revisions"}],"wp:attachment":[{"href":"https:\/\/radiozapatista.org\/index.php?rest_route=%2Fwp%2Fv2%2Fmedia&parent=9351"}],"wp:term":[{"taxonomy":"category","embeddable":true,"href":"https:\/\/radiozapatista.org\/index.php?rest_route=%2Fwp%2Fv2%2Fcategories&post=9351"},{"taxonomy":"post_tag","embeddable":true,"href":"https:\/\/radiozapatista.org\/index.php?rest_route=%2Fwp%2Fv2%2Ftags&post=9351"}],"curies":[{"name":"wp","href":"https:\/\/api.w.org\/{rel}","templated":true}]}}