{"id":9311,"date":"2014-03-24T13:29:35","date_gmt":"2014-03-24T19:29:35","guid":{"rendered":"https:\/\/radiozapatista.org\/?p=9311"},"modified":"2014-03-24T13:29:35","modified_gmt":"2014-03-24T19:29:35","slug":"detienen-a-miembros-de-la-policia-comunitaria-de-alvaro-obregon-oaxaca","status":"publish","type":"post","link":"https:\/\/radiozapatista.org\/?p=9311","title":{"rendered":"Detienen a miembros de la Polic\u00eda Comunitaria de \u00c1lvaro Obreg\u00f3n, Oaxaca"},"content":{"rendered":"<p><\/p>\n<p style=\"text-align: right;\">Juchit\u00e1n de Zaragoza, Oaxaca a 22 de marzo 2014<\/p>\n<p><strong>URGENTE: <\/strong>CONTINUAN ATAQUES CONTRA ASAMBLEA COMUNITARIA DE \u00c1LVARO OBREG\u00d3N, POLIC\u00cdA MUNICIPAL DETIENE A ELEMENTOS DE LA POLIC\u00cdA COMUNITARIA SIN MOTIVO.<\/p>\n<p>El d\u00eda de hoy, alrededor de las 10 de la ma\u00f1ana, fueron detenidos aproximadamente 12 compa\u00f1eros de la Polic\u00eda Comunitaria de \u00c1lvaro Obreg\u00f3n por agentes de la polic\u00eda municipal de Juchit\u00e1n en el ejido Emiliano Zapata.\u00a0 Los compa\u00f1eros acompa\u00f1aban a otro compa\u00f1ero a dejar un oficio cuando la Polic\u00eda Municipal de Juchit\u00e1n que se encontraba en la Agencia del ejido los detuvieron sin ninguna orden y no existe delito contra ellos, argumentando que son delincuentes y que se encuentran en la ilegalidad al llamarse Polic\u00eda Comunitaria, esto responde a la orden del presidente municipal de Juchit\u00e1n, Sa\u00fal Vicente V\u00e1zquez, quien fue el que impuso al Agente Municipal del ejido Emiliano Zapata y quiere hacer lo mismo en \u00c1lvaro Obreg\u00f3n. Los compa\u00f1eros han sido amenazados con ser entregados a la Polic\u00eda Estatal y con enviar a la municipal a tomar la agencia de \u00c1lvaro Obreg\u00f3n y sacar al Cabildo Comunitario.<\/p>\n<p>Emitimos una alerta con respecto a la situaci\u00f3n que est\u00e1n sufriendo en este momento los compa\u00f1eros de la Polic\u00eda Comunitaria de \u00c1lvaro Obreg\u00f3n y hacemos un llamado a Sa\u00fal Vicente para que deje de estar provocando a la Asamblea Comunitaria de \u00c1lvaro Obreg\u00f3n.<\/p>\n<p>Exigimos que los compa\u00f1eros de la Polic\u00eda Comunitaria \u201cGral. Charis\u201d sean liberados de manera inmediata, pues no existen cargos reales contra ellos. As\u00ed mismo, exigimos al Gobierno Estatal que se abstenga de enviar a la Polic\u00eda Estatal a la comunidad de \u00c1lvaro Obreg\u00f3n en un intento por atacar y reprimirel camino hacia la autonom\u00eda y la autodeterminaci\u00f3n de esta comunidad.<\/p>\n<p>Tambi\u00e9n denunciamos que el d\u00eda de ayer prendieron fuego a la enramada que los compa\u00f1eros construyeron en el casco de la exhacienda del Gral. Charis, la cual funge como cuartel de la Polic\u00eda Comunitaria.<\/p>\n<p>Responsabilizamos al gobierno municipal y estatal de cualquier tipo de enfrentamiento que llegue a ocurrir en esta comunidad y que ponga en peligro la integridad f\u00edsica de los compa\u00f1eros de la Asamblea, por el intento de imposici\u00f3n de una autoridad ilegitima en \u00c1lvaro Obreg\u00f3n.<\/p>\n<p style=\"text-align: center;\">\u00a1LA TIERRA, EL MAR Y EL VIENTO NO SE VENDEN, SE AMAN Y SE DEFIENDEN!<\/p>\n<p><\/p>","protected":false},"excerpt":{"rendered":"<p>Juchit\u00e1n de Zaragoza, Oaxaca a 22 de marzo 2014 URGENTE: CONTINUAN ATAQUES CONTRA ASAMBLEA COMUNITARIA DE \u00c1LVARO OBREG\u00d3N, POLIC\u00cdA MUNICIPAL DETIENE A ELEMENTOS DE LA POLIC\u00cdA COMUNITARIA SIN MOTIVO. El d\u00eda de hoy, alrededor de las 10 de la ma\u00f1ana, fueron detenidos aproximadamente 12 compa\u00f1eros de la Polic\u00eda Comunitaria de \u00c1lvaro Obreg\u00f3n por agentes de [&hellip;]<\/p>\n","protected":false},"author":1,"featured_media":0,"comment_status":"open","ping_status":"open","sticky":false,"template":"","format":"standard","meta":{"footnotes":""},"categories":[183],"tags":[78],"class_list":["post-9311","post","type-post","status-publish","format-standard","hentry","category-blog","tag-policia-comunitaria"],"_links":{"self":[{"href":"https:\/\/radiozapatista.org\/index.php?rest_route=\/wp\/v2\/posts\/9311","targetHints":{"allow":["GET"]}}],"collection":[{"href":"https:\/\/radiozapatista.org\/index.php?rest_route=\/wp\/v2\/posts"}],"about":[{"href":"https:\/\/radiozapatista.org\/index.php?rest_route=\/wp\/v2\/types\/post"}],"author":[{"embeddable":true,"href":"https:\/\/radiozapatista.org\/index.php?rest_route=\/wp\/v2\/users\/1"}],"replies":[{"embeddable":true,"href":"https:\/\/radiozapatista.org\/index.php?rest_route=%2Fwp%2Fv2%2Fcomments&post=9311"}],"version-history":[{"count":0,"href":"https:\/\/radiozapatista.org\/index.php?rest_route=\/wp\/v2\/posts\/9311\/revisions"}],"wp:attachment":[{"href":"https:\/\/radiozapatista.org\/index.php?rest_route=%2Fwp%2Fv2%2Fmedia&parent=9311"}],"wp:term":[{"taxonomy":"category","embeddable":true,"href":"https:\/\/radiozapatista.org\/index.php?rest_route=%2Fwp%2Fv2%2Fcategories&post=9311"},{"taxonomy":"post_tag","embeddable":true,"href":"https:\/\/radiozapatista.org\/index.php?rest_route=%2Fwp%2Fv2%2Ftags&post=9311"}],"curies":[{"name":"wp","href":"https:\/\/api.w.org\/{rel}","templated":true}]}}