{"id":9201,"date":"2014-03-08T22:11:43","date_gmt":"2014-03-09T04:11:43","guid":{"rendered":"https:\/\/radiozapatista.org\/?p=9201"},"modified":"2015-08-31T08:44:32","modified_gmt":"2015-08-31T13:44:32","slug":"8-de-marzo-campana-popular-contra-la-violencia-hacia-las-mujeres-y-el-feminicidio-en-chiapas","status":"publish","type":"post","link":"https:\/\/radiozapatista.org\/?p=9201","title":{"rendered":"8 de marzo: Campa\u00f1a Popular contra la Violencia hacia las Mujeres y el Feminicidio en Chiapas"},"content":{"rendered":"<p><\/p>\n<p align=\"center\"><a href=\"https:\/\/radiozapatista.org\/wp-content\/uploads\/2014\/03\/DSCF2528.jpg\"><img loading=\"lazy\" decoding=\"async\" src=\"https:\/\/radiozapatista.org\/wp-content\/uploads\/2014\/03\/DSCF2528-224x300.jpg\" alt=\"\" title=\"DSCF2528\" width=\"224\" height=\"300\" class=\"aligncenter size-medium wp-image-9204\" srcset=\"https:\/\/radiozapatista.org\/wp-content\/uploads\/2014\/03\/DSCF2528-224x300.jpg 224w, https:\/\/radiozapatista.org\/wp-content\/uploads\/2014\/03\/DSCF2528-225x300.jpg 225w, https:\/\/radiozapatista.org\/wp-content\/uploads\/2014\/03\/DSCF2528.jpg 392w\" sizes=\"auto, (max-width: 224px) 100vw, 224px\" \/><\/a><\/p>\n<p>Este 7 de marzo, en el contexto del D\u00eda Internacional de las Mujeres, se realiz\u00f3 en el Cideci\/Unitierra Chiapas un encuentro para condenar la irresponsabilidad del Estado mexicano y la sociedad ante la violencia de g\u00e9nero y el feminicidio en Chiapas.<\/p>\n<p>El 8 de marzo hubo una marcha-mitin de la Unidad Administrativa a la Plaza de la Resistencia, en San Crist\u00f3bal de Las Casas.<\/p>\n<p>Al mismo tiempo, se realiz\u00f3 una conferencia de prensa en el Centro Cultural TierrAdentro, en nombre de las organizaciones que forman parte de la <a href=\"https:\/\/www.facebook.com\/pages\/Campa%C3%B1a-contra-la-violencia-hacia-las-mujeres-y-el-feminicidio-en-Chiapas\/1416975965192586?fref=ts\" target=\"_blank\">Campa\u00f1a popular contra la violencia hacia las mujeres y el feminicidio<\/a>. A continuaci\u00f3n, los audios de la conferencia:<\/p>\n<p><!--more--><\/p>\n<p>Alma Padilla &#8211; Introducci\u00f3n<\/p>\n<p>[podcast]https:\/\/radiozapatista.org\/Audios\/8mar14_intro.mp3[\/podcast]<\/p>\n<p>Mercedes Oliveira &#8211; Objetivos y trabajo de la campa\u00f1a<\/p>\n<p>[podcast]https:\/\/radiozapatista.org\/Audios\/8mar14_mercedesoliviera.mp3[\/podcast]<\/p>\n<p>Marta Figueroa &#8211; Proceso de la alerta de g\u00e9nero y la negativa del Estado mexicano<\/p>\n<p>[podcast]https:\/\/radiozapatista.org\/Audios\/8mar14_martafigueroa.mp3[\/podcast]<\/p>\n<p>Alma Padilla &#8211; Acciones que continuan dentro de la campa\u00f1a<\/p>\n<p>[podcast]https:\/\/radiozapatista.org\/Audios\/8mar14_almapadilla.mp3[\/podcast]<\/p>\n<hr>\n<p><b>M\u00e1s informaci\u00f3n:<\/b><\/p>\n<p><strong><a href=\"http:\/\/www.pozol.org\/?p=9208\" target=\"_blank\">Mujeres en Chiapas se declaran en alerta popular de g\u00e9nero<\/a><\/strong>.<\/p>\n<p>Solicitud de investigaci\u00f3n para la declaratoria de alerta de violencia de g\u00e9nero en Chiapas, presentada el pasado 25 de noviembre, en Tuxtla Guti\u00e9rrez ante el Sistema Nacional de Prevenci\u00f3n, Atenci\u00f3n, Sanci\u00f3n y Erradicaci\u00f3n de la Violencia contra las Mujeres:<\/p>\n<p  style=\" margin: 12px auto 6px auto; font-family: Helvetica,Arial,Sans-serif; font-style: normal; font-variant: normal; font-weight: normal; font-size: 14px; line-height: normal; font-size-adjust: none; font-stretch: normal; -x-system-font: none; display: block;\">   <a title=\"View SolicitudAVG Chiapas-Centro de Derechos de La Mujer on Scribd\" href=\"http:\/\/www.scribd.com\/doc\/188942135\"  style=\"text-decoration: underline;\" target=\"_blank\">SolicitudAVG Chiapas-Centro de Derechos de La Mujer<\/a><\/p>\n<p><iframe loading=\"lazy\" class=\"scribd_iframe_embed\" src=\"\/\/www.scribd.com\/embeds\/188942135\/content?start_page=1&#038;view_mode=scroll&#038;show_recommendations=true\" data-auto-height=\"false\" data-aspect-ratio=\"undefined\" scrolling=\"no\" id=\"doc_1766\" width=\"100%\" height=\"600\" frameborder=\"0\"><\/iframe><\/p>\n<p><\/p>","protected":false},"excerpt":{"rendered":"<p>Este 7 de marzo, en el contexto del D\u00eda Internacional de las Mujeres, se realiz\u00f3 en el Cideci\/Unitierra Chiapas un encuentro para condenar la irresponsabilidad del Estado mexicano y la sociedad ante la violencia de g\u00e9nero y el feminicidio en Chiapas. El 8 de marzo hubo una marcha-mitin de la Unidad Administrativa a la Plaza [&hellip;]<\/p>\n","protected":false},"author":1,"featured_media":0,"comment_status":"open","ping_status":"open","sticky":false,"template":"","format":"standard","meta":{"footnotes":""},"categories":[1,6,190],"tags":[497,485,41],"class_list":["post-9201","post","type-post","status-publish","format-standard","hentry","category-audio","category-chiapas","category-radiozapatista","tag-feminicidios","tag-genero","tag-mujeres"],"_links":{"self":[{"href":"https:\/\/radiozapatista.org\/index.php?rest_route=\/wp\/v2\/posts\/9201","targetHints":{"allow":["GET"]}}],"collection":[{"href":"https:\/\/radiozapatista.org\/index.php?rest_route=\/wp\/v2\/posts"}],"about":[{"href":"https:\/\/radiozapatista.org\/index.php?rest_route=\/wp\/v2\/types\/post"}],"author":[{"embeddable":true,"href":"https:\/\/radiozapatista.org\/index.php?rest_route=\/wp\/v2\/users\/1"}],"replies":[{"embeddable":true,"href":"https:\/\/radiozapatista.org\/index.php?rest_route=%2Fwp%2Fv2%2Fcomments&post=9201"}],"version-history":[{"count":0,"href":"https:\/\/radiozapatista.org\/index.php?rest_route=\/wp\/v2\/posts\/9201\/revisions"}],"wp:attachment":[{"href":"https:\/\/radiozapatista.org\/index.php?rest_route=%2Fwp%2Fv2%2Fmedia&parent=9201"}],"wp:term":[{"taxonomy":"category","embeddable":true,"href":"https:\/\/radiozapatista.org\/index.php?rest_route=%2Fwp%2Fv2%2Fcategories&post=9201"},{"taxonomy":"post_tag","embeddable":true,"href":"https:\/\/radiozapatista.org\/index.php?rest_route=%2Fwp%2Fv2%2Ftags&post=9201"}],"curies":[{"name":"wp","href":"https:\/\/api.w.org\/{rel}","templated":true}]}}