{"id":908,"date":"2007-04-24T17:17:58","date_gmt":"2007-04-24T22:17:58","guid":{"rendered":"https:\/\/radiozapatista.org\/?p=908"},"modified":"2017-07-03T23:49:08","modified_gmt":"2017-07-04T04:49:08","slug":"entrevista-con-maria-jimenez-de-mujeres-unidas-y-activas","status":"publish","type":"post","link":"https:\/\/radiozapatista.org\/?p=908","title":{"rendered":"Entrevista con Mar\u00eda Jim\u00e9nez de Mujeres Unidas y Activas"},"content":{"rendered":"<p>[podcast]https:\/\/radiozapatista.org\/Audios\/MujjeresUnidas.mp3[\/podcast]<\/p>\n<p>Mar\u00eda nos habla sobre la organizaci\u00f3n de base para las marchas del Primero de Mayo. Nos habla tambi\u00e9n sobre la situaci\u00f3n \t\tactual de la inmigraci\u00f3n en los Estados Unidos, en especial en California, y sobre los desaf\u00edos para la participaci\u00f3n pol\u00edtica \t\tde la mujer, doblemente discriminada. Visita la p\u00e1gina de  \t\t<a href=\"http:\/\/www.mujeresunidas.net\/\">Mujeres Unidas y Activas<\/a> y participa.<\/p>","protected":false},"excerpt":{"rendered":"<p>[podcast]https:\/\/radiozapatista.org\/Audios\/MujjeresUnidas.mp3[\/podcast] Mar\u00eda nos habla sobre la organizaci\u00f3n de base para las marchas del Primero de Mayo. Nos habla tambi\u00e9n sobre la situaci\u00f3n actual de la inmigraci\u00f3n en los Estados Unidos, en especial en California, y sobre los desaf\u00edos para la participaci\u00f3n pol\u00edtica de la mujer, doblemente discriminada. Visita la p\u00e1gina de Mujeres Unidas y Activas [&hellip;]<\/p>\n","protected":false},"author":1,"featured_media":0,"comment_status":"open","ping_status":"open","sticky":false,"template":"","format":"standard","meta":{"footnotes":""},"categories":[1,959,961,953,190],"tags":[919,30],"class_list":["post-908","post","type-post","status-publish","format-standard","hentry","category-audio","category-migracion","category-mujeres","category-mundo","category-radiozapatista","tag-estados-unidos","tag-migracion"],"_links":{"self":[{"href":"https:\/\/radiozapatista.org\/index.php?rest_route=\/wp\/v2\/posts\/908","targetHints":{"allow":["GET"]}}],"collection":[{"href":"https:\/\/radiozapatista.org\/index.php?rest_route=\/wp\/v2\/posts"}],"about":[{"href":"https:\/\/radiozapatista.org\/index.php?rest_route=\/wp\/v2\/types\/post"}],"author":[{"embeddable":true,"href":"https:\/\/radiozapatista.org\/index.php?rest_route=\/wp\/v2\/users\/1"}],"replies":[{"embeddable":true,"href":"https:\/\/radiozapatista.org\/index.php?rest_route=%2Fwp%2Fv2%2Fcomments&post=908"}],"version-history":[{"count":0,"href":"https:\/\/radiozapatista.org\/index.php?rest_route=\/wp\/v2\/posts\/908\/revisions"}],"wp:attachment":[{"href":"https:\/\/radiozapatista.org\/index.php?rest_route=%2Fwp%2Fv2%2Fmedia&parent=908"}],"wp:term":[{"taxonomy":"category","embeddable":true,"href":"https:\/\/radiozapatista.org\/index.php?rest_route=%2Fwp%2Fv2%2Fcategories&post=908"},{"taxonomy":"post_tag","embeddable":true,"href":"https:\/\/radiozapatista.org\/index.php?rest_route=%2Fwp%2Fv2%2Ftags&post=908"}],"curies":[{"name":"wp","href":"https:\/\/api.w.org\/{rel}","templated":true}]}}