{"id":904,"date":"2007-04-25T17:12:14","date_gmt":"2007-04-25T22:12:14","guid":{"rendered":"https:\/\/radiozapatista.org\/?p=904"},"modified":"2017-07-03T23:46:51","modified_gmt":"2017-07-04T04:46:51","slug":"movimientos-anti-globalizacion-contra-encuentro-del-g-8","status":"publish","type":"post","link":"https:\/\/radiozapatista.org\/?p=904","title":{"rendered":"Movimientos anti-globalizaci\u00f3n contra encuentro del G-8"},"content":{"rendered":"<p>[podcast]http:\/\/www.indybay.org\/uploads\/2007\/04\/29\/andre_netdissent_eng.mp3[\/podcast]<\/p>\n<p>Entrevista con Andre (por <a href=\"http:\/\/www.sherwood.it\/\">Radio Sherwood<\/a>, Italia), de Net Dissent, quien habla sobre c\u00f3mo se est\u00e1n  \t  organizando los movimientos sociales anti-globalizaci\u00f3n para protestar contra el encuentro de los G8. Tambi\u00e9n habla sobre \t  la situaci\u00f3n de los inmigrantes en Europa y las manifestaciones planeadas para protestar contra la discriminaci\u00f3n.<\/p>","protected":false},"excerpt":{"rendered":"<p>[podcast]http:\/\/www.indybay.org\/uploads\/2007\/04\/29\/andre_netdissent_eng.mp3[\/podcast] Entrevista con Andre (por Radio Sherwood, Italia), de Net Dissent, quien habla sobre c\u00f3mo se est\u00e1n organizando los movimientos sociales anti-globalizaci\u00f3n para protestar contra el encuentro de los G8. Tambi\u00e9n habla sobre la situaci\u00f3n de los inmigrantes en Europa y las manifestaciones planeadas para protestar contra la discriminaci\u00f3n.<\/p>\n","protected":false},"author":1,"featured_media":0,"comment_status":"open","ping_status":"open","sticky":false,"template":"","format":"standard","meta":{"footnotes":""},"categories":[1,51,959,953],"tags":[920,30],"class_list":["post-904","post","type-post","status-publish","format-standard","hentry","category-audio","category-autor","category-migracion","category-mundo","tag-europa","tag-migracion"],"_links":{"self":[{"href":"https:\/\/radiozapatista.org\/index.php?rest_route=\/wp\/v2\/posts\/904","targetHints":{"allow":["GET"]}}],"collection":[{"href":"https:\/\/radiozapatista.org\/index.php?rest_route=\/wp\/v2\/posts"}],"about":[{"href":"https:\/\/radiozapatista.org\/index.php?rest_route=\/wp\/v2\/types\/post"}],"author":[{"embeddable":true,"href":"https:\/\/radiozapatista.org\/index.php?rest_route=\/wp\/v2\/users\/1"}],"replies":[{"embeddable":true,"href":"https:\/\/radiozapatista.org\/index.php?rest_route=%2Fwp%2Fv2%2Fcomments&post=904"}],"version-history":[{"count":0,"href":"https:\/\/radiozapatista.org\/index.php?rest_route=\/wp\/v2\/posts\/904\/revisions"}],"wp:attachment":[{"href":"https:\/\/radiozapatista.org\/index.php?rest_route=%2Fwp%2Fv2%2Fmedia&parent=904"}],"wp:term":[{"taxonomy":"category","embeddable":true,"href":"https:\/\/radiozapatista.org\/index.php?rest_route=%2Fwp%2Fv2%2Fcategories&post=904"},{"taxonomy":"post_tag","embeddable":true,"href":"https:\/\/radiozapatista.org\/index.php?rest_route=%2Fwp%2Fv2%2Ftags&post=904"}],"curies":[{"name":"wp","href":"https:\/\/api.w.org\/{rel}","templated":true}]}}