{"id":8966,"date":"2013-12-24T13:39:41","date_gmt":"2013-12-24T19:39:41","guid":{"rendered":"https:\/\/radiozapatista.org\/?p=8966"},"modified":"2013-12-24T13:55:58","modified_gmt":"2013-12-24T19:55:58","slug":"conferncia-de-prensa-liberan-a-miguel-demeza-jimenez","status":"publish","type":"post","link":"https:\/\/radiozapatista.org\/?p=8966","title":{"rendered":"<!--:es-->Conferncia de Prensa: Liberan a Miguel Demeza Jim\u00e9nez<!--:--><!--:en-->Press Conference: Miguel Demeza Jim\u00e9nez is Free<!--:-->"},"content":{"rendered":"<p><!--:es-->Despu\u00e9s de tres a\u00f1os y dos meses de prisi\u00f3n por un delito que no cometi\u00f3, Miguel Demeza Jim\u00e9nez, adherente a la Sexta Declaraci\u00f3n de la Selva Lacandona, del Ejido de San Sebasti\u00e1n Bachaj\u00f3n, obtuvo su libertad. \u00c9stas son las palabras de la conferencia de prensa realizada en el Centro Cultural \u201cEl Paliacate\u201d este 24 de diciembre.<\/p>\n<p align=\"center\"><a href=\"https:\/\/radiozapatista.org\/wp-content\/uploads\/2013\/12\/IMG_0164b.jpg\"><img loading=\"lazy\" decoding=\"async\" class=\"aligncenter size-medium wp-image-8970\" title=\"IMG_0164b\" src=\"https:\/\/radiozapatista.org\/wp-content\/uploads\/2013\/12\/IMG_0164b-300x199.jpg\" alt=\"\" width=\"300\" height=\"199\" srcset=\"https:\/\/radiozapatista.org\/wp-content\/uploads\/2013\/12\/IMG_0164b-300x199.jpg 300w, https:\/\/radiozapatista.org\/wp-content\/uploads\/2013\/12\/IMG_0164b-350x233.jpg 350w, https:\/\/radiozapatista.org\/wp-content\/uploads\/2013\/12\/IMG_0164b-768x512.jpg 768w, https:\/\/radiozapatista.org\/wp-content\/uploads\/2013\/12\/IMG_0164b.jpg 770w\" sizes=\"auto, (max-width: 300px) 100vw, 300px\" \/><\/a><\/p>\n<p>Presentaci\u00f3n del abogado Ricardo Lagunes:<br \/>\n[podcast]https:\/\/radiozapatista.org\/Audios\/MDJ1.MP3[\/podcast]<br \/>\nPalabras de Miguel Demeza Jim\u00e9nez (tseltal con traducci\u00f3n al espa\u00f1ol):<br \/>\n[podcast]https:\/\/radiozapatista.org\/Audios\/MDJ2.MP3[\/podcast]<br \/>\nExplicaci\u00f3n del caso por el abogado Ricardo Lagunes:<br \/>\n[podcast]https:\/\/radiozapatista.org\/Audios\/MDJ3.MP3[\/podcast]<br \/>\nPalabras de autoridad del Ejido San Sebasti\u00e1n Bachaj\u00f3n:<br \/>\n[podcast]https:\/\/radiozapatista.org\/Audios\/MDJ4.MP3[\/podcast]<br \/>\nLectura del comunicado del Ejido San Sebasti\u00e1n Bachaj\u00f3n:<br \/>\n[podcast]https:\/\/radiozapatista.org\/Audios\/MDJ5.MP3[\/podcast]<\/p>\n<div><a href=\"http:\/\/www.jornada.unam.mx\/2013\/12\/23\/politica\/021n1pol\" target=\"_blank\">Liberan al tseltal Miguel Demeza<\/a><\/div>\n<div><a href=\"http:\/\/www.jornada.unam.mx\/ultimas\/2013\/12\/22\/liberan-en-chiapas-a-miguel-demeza-adherente-a-la-sexta-6777.html\" target=\"_blank\">Liberan en Chiapas a Miguel Demeza<\/a><\/div>\n<p><!--:--><!--:en--><\/p>\n<p><p><!--:--><!--more--><!--:es--><\/p>\n<hr \/>\n<div>Liberan al tzeltal Miguel Demeza, preso tres a\u00f1os por delitos que no cometi\u00f3<\/div>\n<div>\n<p>Permanece encarcelado Alejandro D\u00edaz Santiz, a pesar del compromiso del gobierno estatal<\/p>\n<\/div>\n<div>\n<div>\n<div>Hermann Bellinghausen<\/div>\n<div>Peri\u00f3dico La Jornada<br \/>\nLunes 23 de diciembre de 2013, p. 21<\/div>\n<p>Miguel Demeza Jim\u00e9nez, adherente de la Sexta  declaraci\u00f3n de la selva Lacandona y poblador del ejido tzeltal San  Sebasti\u00e1n Bachaj\u00f3n, municipio de Chil\u00f3n, Chiapas, fue liberado el pasado  d\u00eda 19 en el penal de San Crist\u00f3bal de las Casas por falta de  elementos, seg\u00fan determin\u00f3 un juez en el penal El Amate, en Cintalapa de  Figueroa, donde hab\u00eda pasado m\u00e1s de tres a\u00f1os encarcelado, acusado de  delitos que no cometi\u00f3.<\/p>\n<p>Del mismo modo, se espera la pronta liberaci\u00f3n de Antonio Estrada  Estrada, tambi\u00e9n de San Sebasti\u00e1n Bachaj\u00f3n, quien se encuentra recluido  en el Centro Estatal para la Reinserci\u00f3n Social de Sentenciados (CERSS)  n\u00famero 17 en Playas de Catazaj\u00e1.<\/p>\n<p>El abogado de los ind\u00edgenas Ricardo Lagunes Gasca dio a conocer que  Demeza Jim\u00e9nez, quien recientemente hab\u00eda sido trasladado al CERSS  n\u00famero 5 en San Crist\u00f3bal de las Casas, fue notificado el jueves del  auto de libertad que dict\u00f3 el juez tercero penal de Cintalapa <q>por  falta de elementos para procesar respecto del delito de robo con  violencia, en cumplimiento a la sentencia del amparo 1478\/2012 otorgado  por las diversas violaciones a sus derechos humanos cometidas por la  Fiscal\u00eda Especializada Contra la Delincuencia Organizada (Fecdo) de la  Procuradur\u00eda General de Justicia del Estado de Chiapas en octubre de  2010<\/q>.<\/p>\n<\/div>\n<div>\n<p>El s\u00e1bado 21 Demeza Jim\u00e9nez <q>fue notificado de la extinci\u00f3n de la acci\u00f3n penal en relaci\u00f3n al delito de secuestro, imputado il\u00edcitamente por la misma Fecdo<\/q>. Esto, a consecuencia del desistimiento de la acci\u00f3n penal por parte de la procuradur\u00eda estatal.<\/p>\n<p>A las 15 horas del mismo d\u00eda, el ind\u00edgena fue recibido por su familia y miembros de su organizaci\u00f3n en las afueras del penal.<\/p>\n<p>La persecuci\u00f3n de los ind\u00edgenas de San Sebasti\u00e1n Bachaj\u00f3n se ha dado  en el contexto de su oposici\u00f3n al despojo de su territorio ejidal que  realizan autoridades federales y estatales, en favor de su uso tur\u00edstico  para el acceso a las cascadas de Agua Azul, en el vecino municipio de  Tumbal\u00e1.<\/p>\n<p>A reserva de que se confirme la posible liberaci\u00f3n de su compa\u00f1ero  Antonio Estrada Estrada, y a dos meses de la liberaci\u00f3n del profesor  Alberto Patisht\u00e1n G\u00f3mez, el \u00fanico ind\u00edgena adherente de la sexta que  permanece preso en Chiapas es el tzotzil Alejandro D\u00edaz Santiz, quien  lleva preso 15 de sus 33 a\u00f1os de edad. Su salida del CERSS n\u00famero 5  sigue pendiente, a pesar del reiterado compromiso del gobierno estatal  de obtener su libertad.<\/p>\n<\/div>\n<\/div>\n<p><span style=\"color: #888888;\"><a href=\"http:\/\/www.jornada.unam.mx\/2013\/12\/23\/politica\/021n1pol\" target=\"_blank\">http:\/\/www.jornada.unam.mx\/2013\/12\/23\/politica\/021n1pol<\/a><br \/>\n<\/span><\/p>\n<p><strong>M\u00e1s informaci\u00f3n:<\/strong><\/p>\n<p id=\"post-8318\"><a title=\"Permanent Link: Libertad para Miguel V\u00e1zquez, uno de los tres adherentes a la Sexta de San Sebasti\u00e1n Bachaj\u00f3n que fueron torturados y encarcelados\" rel=\"bookmark\" href=\"https:\/\/radiozapatista.org\/?p=8318\">Libertad  para Miguel V\u00e1zquez, uno de los tres adherentes a la Sexta de San  Sebasti\u00e1n Bachaj\u00f3n que fueron torturados y encarcelados<\/a><\/p>\n<p id=\"post-8244\"><a title=\"Permanent Link: Pronto se dictar\u00e1 sentencia o auto de libertad para Miguel Demeza Jim\u00e9nez, adherente de La Sexta de San Sebasti\u00e1n Bachaj\u00f3n\" rel=\"bookmark\" href=\"https:\/\/radiozapatista.org\/?p=8244\">Pronto se dictar\u00e1 sentencia o auto de libertad para Miguel Demeza Jim\u00e9nez, adherente de La Sexta de San Sebasti\u00e1n Bachaj\u00f3n<\/a><\/p>\n<p id=\"post-6268\"><a title=\"Permanent Link: Voces de presos y familiares de San Sebasti\u00e1n Bachaj\u00f3n\" rel=\"bookmark\" href=\"https:\/\/radiozapatista.org\/?p=6268\">Voces de presos y familiares de San Sebasti\u00e1n Bachaj\u00f3n<\/a><\/p>\n<p id=\"post-6123\"><a title=\"Permanent Link: Presos de San Sebasti\u00e1n Bachaj\u00f3n: tortura institucional\" rel=\"bookmark\" href=\"https:\/\/radiozapatista.org\/?p=6123\">Presos de San Sebasti\u00e1n Bachaj\u00f3n: tortura institucional<\/a><\/p>\n<hr>\n<p>EN EJIDO SAN SEBASTIAN BACHAJON ADERENTES A LA SEXTA DECLARACION DE LA SELVA LACANDONA. CHIAPAS. MEXICO. A 24 DE DICIEMBRE DE 2013<\/p>\n<p>A l@s compa\u00f1er@s adherentes a la sexta declaracion de la selva lacandona<br \/>\nA los medios de comunicaci\u00f3n masivos e alternativos<br \/>\nA las Juntas de Buen Gobierno<br \/>\nAl Ej\u00e9rcito Zapatista de Liberaci\u00f3n Nacional<br \/>\nAl Congreso Nacional Ind\u00edgena<br \/>\nA la Red contra la Represi\u00f3n y por la Solidaridad<br \/>\nAl Movimiento de Justicia por el Barrio de Nueva York<br \/>\nA los defensores de derechos humanos nacional e internacional<br \/>\nA la opini\u00f3n p\u00fablica<\/p>\n<p>Compa\u00f1eros y compa\u00f1eras de M\u00e9xico y el mundo, nuestro coraz\u00f3n rebelde y digno sigue luchando por la justicia y el respeto a nuestra autonom\u00eda como pueblo, luchando mantenemos viva la lucha del compa\u00f1ero Juan V\u00e1zquez Guzm\u00e1n, ca\u00eddo en la defensa del territorio de San Sebasti\u00e1n Bachaj\u00f3n<\/p>\n<p>Recientemente hicimos del conocimiento p\u00fablico que nuestra organizaci\u00f3n fundamos el banco de grava Nah Chawuk en ejercicio de nuestro derecho como ind\u00edgenas y ejidatarios de controlar y proteger nuestro territorio y en respuesta a los malos manejos que se hacen con el banco de grava principal que hasta la fecha se mantiene en manos del mal gobierno porque as\u00ed lo entreg\u00f3 el ex comisariado ejidal Francisco Guzm\u00e1n Jim\u00e9nez (alias el Goyito) y el comisariado actual Alejandro Moreno G\u00f3mez junto con el Consejo de Vigilancia Samuel diaz guzman, as\u00ed como las tierras despojadas desde el 2 de febrero de 2011 donde el mal gobierno construy\u00f3 una caseta de cobro que administra la Comisi\u00f3n Nacional de \u00c1reas Naturales Protegidas.<\/p>\n<p>Denunciamos tambi\u00e9n que el comisariado ejidal partidista y oficialista de San Sebasti\u00e1n Bachaj\u00f3n Alejandro Moreno G\u00f3mez y el Consejo de Vigilancia Samuel Diaz Guzman, han amenazado con desalojarnos de manera violenta de nuestro banco de grava Nah Chawuk. Estos verdaderos delincuentes que se dicen autoridades del ejido siguen amenazando a nuestra organizaci\u00f3n con desalojo violento y que van a meter alambre en nuestro banco de grava y que lo van hacer con respaldo de la seguridad p\u00fablica. Tambi\u00e9n tenemos el conocimiento que est\u00e1n falsificando firmas para fabricar una nueva acta de asamblea por la espalda de la Asamblea General de Ejidatarios, porque quieren echar abajo ilegalmente nuestro amparo 274\/2011, que sigue vigente y por eso no han podido consumar su despojo de manera definitiva. La \u00faltima acta de asamblea que fabric\u00f3 Alejandro Moreno G\u00f3mez fue declarada ilegal por el Tercer Tribunal Colegiado en Tuxtla Gutierrez.<\/p>\n<p>Hemos recibido en dos ocasiones citatorios del delegado de gobierno en Chil\u00f3n, Chiapas Francisco Demeza Hernandez para el 5 y 19 de diciembre porque quiere obligarnos a sentarnos a dialogar con Alejandro Moreno G\u00f3mez y Samuel D\u00edaz Guzman, como si toda la injusticia, impunidad y violencia se fuera a resolver en unos minutos sentados en su oficina, cuando tenemos un compa\u00f1ero de la organizaci\u00f3n preso, nuestro compa\u00f1ero Juan V\u00e1zquez Guzm\u00e1n asesinado cobarde e impunemente y nuestro territorio despojado con el m\u00e1s grande autoritarismo y cinismo gubernamental. Este tipo de invitaciones son una trampa del mal gobierno para decir que esta trabajando y arreglando el problema del ejido.<\/p>\n<p>Hacemos completamente responsables de cualquier agresi\u00f3n, amenaza, atentado a la vida, integridad de las autoridades de nuestra organizaci\u00f3n, nuestros compa\u00f1eros y compa\u00f1eras que trabajan y cuidan el banco de grava Nah Chawuk a los CC. Alejandro Moreno G\u00f3mez comisariado ejidal oficialista de San Sebasti\u00e1n Bachajon, Samuel d\u00edaz guzm\u00e1n consejo de vigilancia oficialista de san Sebasti\u00e1n bachajon tambi\u00e9n de ocupaci\u00f3n profesor charro, Francisco Guzman Jimenez (alias el Goyito) ex comisariado ejidal oficialista de san Sebasti\u00e1n Bachajon, actualmente chalan y trabajador en la caseta de cobro del mal gobierno, al presidente municipal de Chil\u00f3n Leonardo Rafael Guirao Aguilar, Manuel Velasco Coello gobernador del Estado de Chiapas y Enrique Pe\u00f1a Nieto, presidente de la rep\u00fablica.<\/p>\n<p>No vamos a dar un paso atr\u00e1s en nuestra lucha, ni vamos a permitir que nos humillen y discriminen por nuestra lucha y organizaci\u00f3n, porque queremos seguir siendo pueblo, queremos defender nuestra cultura, identidad, queremos seguir siendo lo que somos como as\u00ed dijo nuestro compa\u00f1ero finado Juan V\u00e1zquez Guzm\u00e1n.<\/p>\n<p>Exigimos la liberaci\u00f3n inmediata de nuestro compa\u00f1ero ANTONIO ESTRADA ESTRADA injustamente recluido en Playas de Catazaj\u00e1, Chiapas, preso por la lucha de nuestro pueblo. Exigimos tambi\u00e9n la liberaci\u00f3n del compa\u00f1ero Alejandro D\u00edaz Santiz solidario de la voz del amate recluido en el cereso n\u00famero 5 de San Cristobal de las casas, Chiapas.<\/p>\n<p>Nunca m\u00e1s un M\u00e9xico sin nosotros.<\/p>\n<p>Desde la zona norte de Chiapas, reciban un abrazo de las mujeres y hombres de San Sebasti\u00e1n Bachaj\u00f3n.<\/p>\n<p>Atentamente<\/p>\n<p>\u00a1Tierra y libertad!<br \/>\n\u00a1Hasta la victoria siempre!<br \/>\nPresos pol\u00edticos \u00a1Libertad!<br \/>\n\u00a1Juan V\u00e1zquez Guzm\u00e1n Vive, la Lucha de Bachaj\u00f3n sigue!<br \/>\n\u00a1No al despojo de los territorios ind\u00edgenas!<!--:--><!--:en--><\/p>\n<\/p>\n<p><!--:--><\/p>\n","protected":false},"excerpt":{"rendered":"<p>Despu\u00e9s de tres a\u00f1os y dos meses de prisi\u00f3n por un delito que no cometi\u00f3, Miguel Demeza Jim\u00e9nez, adherente a la Sexta Declaraci\u00f3n de la Selva Lacandona, del Ejido de San Sebasti\u00e1n Bachaj\u00f3n, obtuvo su libertad. \u00c9stas son las palabras de la conferencia de prensa realizada en el Centro Cultural \u201cEl Paliacate\u201d este 24 de [&hellip;]<\/p>\n","protected":false},"author":1,"featured_media":0,"comment_status":"open","ping_status":"open","sticky":false,"template":"","format":"standard","meta":{"footnotes":""},"categories":[1,6,190],"tags":[61,37],"class_list":["post-8966","post","type-post","status-publish","format-standard","hentry","category-audio","category-chiapas","category-radiozapatista","tag-bachajon","tag-presos-politicos"],"_links":{"self":[{"href":"https:\/\/radiozapatista.org\/index.php?rest_route=\/wp\/v2\/posts\/8966","targetHints":{"allow":["GET"]}}],"collection":[{"href":"https:\/\/radiozapatista.org\/index.php?rest_route=\/wp\/v2\/posts"}],"about":[{"href":"https:\/\/radiozapatista.org\/index.php?rest_route=\/wp\/v2\/types\/post"}],"author":[{"embeddable":true,"href":"https:\/\/radiozapatista.org\/index.php?rest_route=\/wp\/v2\/users\/1"}],"replies":[{"embeddable":true,"href":"https:\/\/radiozapatista.org\/index.php?rest_route=%2Fwp%2Fv2%2Fcomments&post=8966"}],"version-history":[{"count":0,"href":"https:\/\/radiozapatista.org\/index.php?rest_route=\/wp\/v2\/posts\/8966\/revisions"}],"wp:attachment":[{"href":"https:\/\/radiozapatista.org\/index.php?rest_route=%2Fwp%2Fv2%2Fmedia&parent=8966"}],"wp:term":[{"taxonomy":"category","embeddable":true,"href":"https:\/\/radiozapatista.org\/index.php?rest_route=%2Fwp%2Fv2%2Fcategories&post=8966"},{"taxonomy":"post_tag","embeddable":true,"href":"https:\/\/radiozapatista.org\/index.php?rest_route=%2Fwp%2Fv2%2Ftags&post=8966"}],"curies":[{"name":"wp","href":"https:\/\/api.w.org\/{rel}","templated":true}]}}