{"id":8759,"date":"2013-09-16T15:39:39","date_gmt":"2013-09-16T20:39:39","guid":{"rendered":"https:\/\/radiozapatista.org\/?p=8759"},"modified":"2013-09-16T15:41:13","modified_gmt":"2013-09-16T20:41:13","slug":"medios-independientes-libres-comunitarios-ciudadanos-y-periodistas-exigimos-la-exoneracion-inmediata-de-alberto-arellano","status":"publish","type":"post","link":"https:\/\/radiozapatista.org\/?p=8759","title":{"rendered":"Medios independientes, libres, comunitarios, ciudadanos y periodistas exigimos la exoneraci\u00f3n inmediata de Alberto Arellano"},"content":{"rendered":"<p><a href=\"https:\/\/radiozapatista.org\/wp-content\/uploads\/2013\/09\/majloc-lee.jpg\"><img loading=\"lazy\" decoding=\"async\" src=\"https:\/\/radiozapatista.org\/wp-content\/uploads\/2013\/09\/majloc-lee-300x224.jpg\" alt=\"\" title=\"majloc lee\" width=\"300\" height=\"224\" class=\"alignright size-medium wp-image-8760\" srcset=\"https:\/\/radiozapatista.org\/wp-content\/uploads\/2013\/09\/majloc-lee-300x224.jpg 300w, https:\/\/radiozapatista.org\/wp-content\/uploads\/2013\/09\/majloc-lee-350x262.jpg 350w, https:\/\/radiozapatista.org\/wp-content\/uploads\/2013\/09\/majloc-lee.jpg 602w\" sizes=\"auto, (max-width: 300px) 100vw, 300px\" \/><\/a><\/p>\n<p>Este 14 de septiembre, en el marco del operativo policial estatal veracruzano que desaloj\u00f3 a maestros y manifestantes de la plaza p\u00fablica, fue agredido y detenido arbitrariamente Alberto Arellano Mariano, colaborador de diversos medios independientes e integrante de movimientos sociales ambientales.<\/p>\n<p>Como puede observarse en im\u00e1genes grabadas por videoactivistas, con brutalidad policial Alberto fue privado de su libertad ilegalmente por elementos estatales veracruzanos, algunos de ellos vestidos de civiles. Le fueron plantadas armas y drogas a fin de fabricarle acusaciones por portaci\u00f3n de armas y delitos contra la salud. Adicionalmente, ocurrieron otra serie de irregularidades en la detenci\u00f3n que al momento no han permitido determinar si los golpes que sufri\u00f3 Alberto pueden configurarse como tortura.<\/p>\n<p>Durante el operativo fueron agredidos, adem\u00e1s, periodistas de diferentes medios de comunicaci\u00f3n as\u00ed como retiradas las c\u00e1maras de los fotoreporteros para borrar las fotos de los hechos registrados. Esta es la agresi\u00f3n m\u00e1s reciente a los comunicadores en Veracruz en una larga lista de violaciones al derecho a la libertad de expresi\u00f3n; y en un contexto de intimidaci\u00f3n constante.<\/p>\n<p>Este hecho se suma a otros muchos que han sucedido desde hace algunos a\u00f1os en el estado de Veracruz y en el pa\u00eds tales como brutalidad policial, tortura, abusos sexuales, tratos crueles, degradantes e inhumanos, detenciones arbitrarias, violaciones al debido proceso y, el uso desproporcionado de la fuerza en contra de personas integrantes de movimientos sociales, manifestantes y medios independientes.<\/p>\n<p>Alberto fue finalmente liberado bajo cauci\u00f3n tras la presi\u00f3n social y de organizaciones de la sociedad civil, en la madrugada del 15 de septiembre. Contin\u00faa el proceso legal por las imputaciones realizadas en su contra.<\/p>\n<p>Estos graves ataques contra la vida, libertad, integridad f\u00edsica y mental configuran un esquema de criminalizaci\u00f3n judicial de la protesta social que tiene como finalidad la limitaci\u00f3n y control il\u00edcito de la acci\u00f3n pol\u00edtica social.<\/p>\n<p>Por tanto, las organizaciones y medios independientes que suscribimos el presente pronunciamiento condenamos en\u00e9rgicamente una vez m\u00e1s estas graves violaciones a los derechos humanos y criminalizaci\u00f3n de la protesta social, al tiempo que demandamos se absuelva de los falsos cargos en su contra a Alberto Arellano Mariano, con resguardo de su integridad f\u00edsica y mental, as\u00ed como la reparaci\u00f3n de todos los da\u00f1os causados en su contra.<\/p>\n<p>Medios independientes:<\/p>\n<p>&#8211; Emergencia Mx<br \/>\n&#8211; Hijos de la Tierra<br \/>\n&#8211; La Sand\u00eda Digital, Laboratorio de Cultura Audiovisual<br \/>\n&#8211; La Voladora Radio<br \/>\n&#8211; La Voz de Abya Yala, Medio Libre<br \/>\n&#8211; Proyecto Videoastas Ind\u00edgenas de la Frontera Sur<br \/>\n&#8211; Radio Comunitaria Las Voces de los Pueblos<br \/>\n&#8211; Radio Zapatista<br \/>\n&#8211; Subversiones, Agencia de Comunicaci\u00f3n Aut\u00f3noma<br \/>\n&#8211; Uni\u00f3n de Comunidades Indigenas de la Zona Norte del Istmo<br \/>\n&#8211; Zapateando Medios Libres<\/p>\n<p>Organizaciones:<\/p>\n<p>&#8211; Movimiento Mexicano de Afectados por las Presas y en Defensa de los R\u00edos, Mapder<br \/>\n&#8211; Bios Iguana AC, (Colima)<br \/>\n&#8211; Centro de Derechos Humanos Zeferino Ladrillero<br \/>\n&#8211; Instituto Mexicano para el Desarrollo Comunitario, A.C. (Jalisco)<\/p>\n<p>Firmas individuales:<\/p>\n<p>&#8211; Angeles Mariscal, reportera (Chiapas)<br \/>\n&#8211; Carlos Beas Torres<br \/>\n&#8211; Eloisa Diez, productora audiovisual (DF)<br \/>\n&#8211; Ester Hern\u00e1ndez Palacios (Veracruz)<br \/>\n&#8211; Estela Casados, acad\u00e9mica (Veracruz)<br \/>\n&#8211; Heriberto Paredes, Periodista (DF)<br \/>\n&#8211; Isa\u00edn Mandujano, reportero (Chiapas)<br \/>\n&#8211; Javier Agustin Flores<br \/>\n&#8211; Laura Salas S\u00e1nchez, activista y periodista (DF)<br \/>\n&#8211; Lorena Salazar Ocampo, productora (DF)<br \/>\n&#8211; Manuela Arancibia, medios independientes (DF)<br \/>\n&#8211; Norma Trujillo, reportera (Veracruz)<br \/>\n&#8211; Raquel Gonz\u00e1lez Rivera<br \/>\n&#8211; Sandra de los Santos, reportera (Chiapas)<br \/>\n&#8211; Sandra Hidalgo<br \/>\n&#8211; Wilfrido Cuanalo<br \/>\n&#8211; Yadira Hidalgo, reportera (Veracruz)<\/p>\n<p>Mandar tu firma a: lasandiadigital@gmail.com<\/p>","protected":false},"excerpt":{"rendered":"<p>Este 14 de septiembre, en el marco del operativo policial estatal veracruzano que desaloj\u00f3 a maestros y manifestantes de la plaza p\u00fablica, fue agredido y detenido arbitrariamente Alberto Arellano Mariano, colaborador de diversos medios independientes e integrante de movimientos sociales ambientales. Como puede observarse en im\u00e1genes grabadas por videoactivistas, con brutalidad policial Alberto fue privado [&hellip;]<\/p>\n","protected":false},"author":1,"featured_media":0,"comment_status":"open","ping_status":"open","sticky":false,"template":"","format":"standard","meta":{"footnotes":""},"categories":[51,183],"tags":[718],"class_list":["post-8759","post","type-post","status-publish","format-standard","hentry","category-autor","category-blog","tag-veracruz"],"_links":{"self":[{"href":"https:\/\/radiozapatista.org\/index.php?rest_route=\/wp\/v2\/posts\/8759","targetHints":{"allow":["GET"]}}],"collection":[{"href":"https:\/\/radiozapatista.org\/index.php?rest_route=\/wp\/v2\/posts"}],"about":[{"href":"https:\/\/radiozapatista.org\/index.php?rest_route=\/wp\/v2\/types\/post"}],"author":[{"embeddable":true,"href":"https:\/\/radiozapatista.org\/index.php?rest_route=\/wp\/v2\/users\/1"}],"replies":[{"embeddable":true,"href":"https:\/\/radiozapatista.org\/index.php?rest_route=%2Fwp%2Fv2%2Fcomments&post=8759"}],"version-history":[{"count":0,"href":"https:\/\/radiozapatista.org\/index.php?rest_route=\/wp\/v2\/posts\/8759\/revisions"}],"wp:attachment":[{"href":"https:\/\/radiozapatista.org\/index.php?rest_route=%2Fwp%2Fv2%2Fmedia&parent=8759"}],"wp:term":[{"taxonomy":"category","embeddable":true,"href":"https:\/\/radiozapatista.org\/index.php?rest_route=%2Fwp%2Fv2%2Fcategories&post=8759"},{"taxonomy":"post_tag","embeddable":true,"href":"https:\/\/radiozapatista.org\/index.php?rest_route=%2Fwp%2Fv2%2Ftags&post=8759"}],"curies":[{"name":"wp","href":"https:\/\/api.w.org\/{rel}","templated":true}]}}