{"id":8710,"date":"2013-09-10T19:30:09","date_gmt":"2013-09-11T00:30:09","guid":{"rendered":"https:\/\/radiozapatista.org\/?p=8710"},"modified":"2013-09-10T19:31:51","modified_gmt":"2013-09-11T00:31:51","slug":"escucha-la-transmision-en-vivo-desde-la-acampada-en-oracion-y-ayuno-por-el-profe-patishtan-y-los-desplazados-del-ejido-puebla","status":"publish","type":"post","link":"https:\/\/radiozapatista.org\/?p=8710","title":{"rendered":"<!--:es-->Escucha la transmisi\u00f3n en vivo desde la Acampada en oraci\u00f3n y ayuno por el profe Patisht\u00e1n y los desplazados del Ejido Puebla<!--:-->"},"content":{"rendered":"<p><!--:es--><\/p>\n<p style=\"text-align: center;\"><a href=\"https:\/\/radiozapatista.org\/wp-content\/uploads\/2013\/09\/planton-transmision.jpg\"><img loading=\"lazy\" decoding=\"async\" class=\"aligncenter size-full wp-image-8711\" title=\"planton transmision\" src=\"https:\/\/radiozapatista.org\/wp-content\/uploads\/2013\/09\/planton-transmision.jpg\" alt=\"\" width=\"346\" height=\"259\" srcset=\"https:\/\/radiozapatista.org\/wp-content\/uploads\/2013\/09\/planton-transmision.jpg 720w, https:\/\/radiozapatista.org\/wp-content\/uploads\/2013\/09\/planton-transmision-350x263.jpg 350w, https:\/\/radiozapatista.org\/wp-content\/uploads\/2013\/09\/planton-transmision-300x225.jpg 300w\" sizes=\"auto, (max-width: 346px) 100vw, 346px\" \/><\/a><\/p>\n<p>Transmisi\u00f3n de Radio en vivo mi\u00e9rcoles y jueves por la 89.1 FM y por\u00a0<a rel=\"nofollow nofollow\" href=\"http:\/\/www.facebook.com\/l.php?u=http%3A%2F%2Fwww.komanilel.org%2F&amp;h=4AQGqAIUZ&amp;enc=AZNf998NT1LSGBhU6MdyoHDv3YJcv720TVk-uUcz7_BsYmFIyJ168jiZjAzOuZtpSeHDc1H8u80fij6r8zpZISb33-n4WZaUAgw8L-GOkZVNPd9nQF6BsgvYRt1jJEswogJSIs0y70-vKcbqjpn7WgwV&amp;s=1\" target=\"_blank\">http:\/\/www.komanilel.org\/<\/a> y \u00a0<a rel=\"nofollow nofollow\" href=\"http:\/\/albertopatishtan.blogspot.mx\/\" target=\"_blank\">http:\/\/albertopatishtan.blogspot.mx\/<\/a><!--:--><!--:en--><\/p>\n<p><!--:--><\/p>\n","protected":false},"excerpt":{"rendered":"<p>Transmisi\u00f3n de Radio en vivo mi\u00e9rcoles y jueves por la 89.1 FM y por\u00a0http:\/\/www.komanilel.org\/ y \u00a0http:\/\/albertopatishtan.blogspot.mx\/<\/p>\n","protected":false},"author":1,"featured_media":0,"comment_status":"open","ping_status":"open","sticky":false,"template":"","format":"standard","meta":{"footnotes":""},"categories":[1],"tags":[917,783],"class_list":["post-8710","post","type-post","status-publish","format-standard","hentry","category-audio","tag-chiapas","tag-ejido-puebla"],"_links":{"self":[{"href":"https:\/\/radiozapatista.org\/index.php?rest_route=\/wp\/v2\/posts\/8710","targetHints":{"allow":["GET"]}}],"collection":[{"href":"https:\/\/radiozapatista.org\/index.php?rest_route=\/wp\/v2\/posts"}],"about":[{"href":"https:\/\/radiozapatista.org\/index.php?rest_route=\/wp\/v2\/types\/post"}],"author":[{"embeddable":true,"href":"https:\/\/radiozapatista.org\/index.php?rest_route=\/wp\/v2\/users\/1"}],"replies":[{"embeddable":true,"href":"https:\/\/radiozapatista.org\/index.php?rest_route=%2Fwp%2Fv2%2Fcomments&post=8710"}],"version-history":[{"count":0,"href":"https:\/\/radiozapatista.org\/index.php?rest_route=\/wp\/v2\/posts\/8710\/revisions"}],"wp:attachment":[{"href":"https:\/\/radiozapatista.org\/index.php?rest_route=%2Fwp%2Fv2%2Fmedia&parent=8710"}],"wp:term":[{"taxonomy":"category","embeddable":true,"href":"https:\/\/radiozapatista.org\/index.php?rest_route=%2Fwp%2Fv2%2Fcategories&post=8710"},{"taxonomy":"post_tag","embeddable":true,"href":"https:\/\/radiozapatista.org\/index.php?rest_route=%2Fwp%2Fv2%2Ftags&post=8710"}],"curies":[{"name":"wp","href":"https:\/\/api.w.org\/{rel}","templated":true}]}}