{"id":8646,"date":"2013-08-28T18:14:29","date_gmt":"2013-08-28T23:14:29","guid":{"rendered":"https:\/\/radiozapatista.org\/?p=8646"},"modified":"2013-08-28T18:17:57","modified_gmt":"2013-08-28T23:17:57","slug":"reactivacion-de-la-represion-contra-atenco-detienen-a-rosa-maria-medina-y-la-trasladan-a-penal","status":"publish","type":"post","link":"https:\/\/radiozapatista.org\/?p=8646","title":{"rendered":"Reactivaci\u00f3n de la represi\u00f3n contra Atenco: Detienen a Rosa Mar\u00eda Medina y la trasladan a Penal"},"content":{"rendered":"<p><\/p>\n<p style=\"text-align: center;\"><a href=\"https:\/\/radiozapatista.org\/wp-content\/uploads\/2013\/08\/Atenco-no-se-olvida.jpg\"><img loading=\"lazy\" decoding=\"async\" class=\"size-full wp-image-8647  aligncenter\" title=\"Atenco no se olvida\" src=\"https:\/\/radiozapatista.org\/wp-content\/uploads\/2013\/08\/Atenco-no-se-olvida.jpg\" alt=\"\" width=\"181\" height=\"279\" \/><\/a><\/p>\n<p>Al pueblo de M\u00e9xico:<br \/>\nA los pueblos del Mundo:<br \/>\nA las organizaciones del pueblo:<\/p>\n<p>Nuevamente acudimos a ustedes, desde la orilla del agua, Atenco, para alertar y denunciar que la represi\u00f3n desatada contra el Frente de Pueblos en Defensa de la Tierra en mayo del 2006, hoy pretenden revivirla.<br \/>\nDurante la ma\u00f1ana de \u00e9ste mi\u00e9rcoles 28 de agosto, alrededor de las 9 de la ma\u00f1ana, mientras se encontraba corriendo en el parque ejidal de Atenco, la compa\u00f1era Rosa Medina Moreno fue \u201cdetenida\u201d por cuatro sujetos y conducida al Penal del Molino de Flores.<\/p>\n<p>Gracias a una llamada que logra hacerle a su hija, \u00e9sta alcanza a decirle que se le acusa del robo de un veh\u00edculo y quien la demanda, es el Ayuntamiento municipal de Atenco del 2006 (N\u00famero de causa 430\/12). Hasta este momento, la compa\u00f1era se ha reservado su derecho a declarar y lo har\u00e1 cuando la asista el abogado de su confianza (en lo que ya se est\u00e1 trabajando).<\/p>\n<p>No obstante, es necesario subrayar lo siguiente:<br \/>\n&#8211; Se ignora si a la hora de su detenci\u00f3n, le presentaron la orden de aprehensi\u00f3n<br \/>\n&#8211; Desde que la detienen, pasaron 4 horas para que le permitieran comunicarse con su familiar o abogado.<br \/>\n&#8211; La conducen al Penal del molino de las Flores, hecho plagado de toda ilegalidad.<br \/>\n&#8211; En 2006, la defensa jur\u00eddica present\u00f3 amparos contra posibles ordenes de aprehensi\u00f3n, incluido el de la compa\u00f1era Rosa, y los jueces negaron toda existencia de \u00e9stas.<\/p>\n<p>Bajo estas circunstancias, y en un contexto como el que vivimos a escasos cerca 35 km de la Ciudad de M\u00e9xico, donde nuestros hermanos maestros se encuentran dando una pelea importante por la defensa de la educaci\u00f3n, los derechos laborales, y en suma, por una Patria justa, no daremos pie a las casualidades.<\/p>\n<p>La acusaci\u00f3n que se le imputa a la compa\u00f1era, adem\u00e1s de las violaciones que le cometen a la hora de su detenci\u00f3n, est\u00e1 enmarcada en los hechos del 3 y 4 de mayo del 2006, por lo que no ser\u00eda extra\u00f1o que desde Los Pinos que ocupa Enrique Pe\u00f1a Nieto, a trav\u00e9s del poder judicial del Estado de M\u00e9xico, quieran reavivar la venganza, ejecutando ordenes de aprehensi\u00f3n, de las cuales en su momento se desisti\u00f3 la Procuradur\u00eda General de Justicia estatal, por los hechos ocurridos en el mayo del 2006 y contra decenas de pobladores y compa\u00f1eros que ejercimos nuestro derecho a la defensa. Por lo anterior:<\/p>\n<p>Hacemos un llamado en\u00e9rgico al gobierno estatal mexiquense y a Enrique Pe\u00f1a Nieto para que detengan sus intensiones de atizar una nueva ofensiva contra el FPDT y sus integrantes que nos mantenemos organizados para defender la Tierra contra la amenaza de despojo que sigue vigente.<\/p>\n<p>Al Procurador de Justicia mexiquense, el se\u00f1or Miguel \u00c1ngel Contreras Nieto, lo emplazamos a que se DESISTA DEL EJERCICIO DE LA ACCI\u00d3N PENAL por el delito que se le acusa a Rosa Medina y quede en inmediata libertad, y no promuevan de nueva cuenta la criminalizaci\u00f3n y la venganza pol\u00edtica mediante la violaci\u00f3n a sus propias leyes.<\/p>\n<p>CONVOCAMOS A TODA LA SOLIDARIDAD Y LOS MEDIOS DE COMUNICACI\u00d3N<br \/>\nA la MARCHA URGENTE ma\u00f1ana 29 de agosto, que saldr\u00e1 del centro de Atenco a las 9 horas, para dirigirse al Penal del Molino de Flores en Texcoco, Estado de M\u00e9xico.<\/p>\n<p>\u00a1LIBERTAD A ROSA MEDINA!<br \/>\n\u00a1LA TIERRA NO EST\u00c1 EN VENTA Y LA LIBERTAD NO ES MONEDA DE CAMBIO!<br \/>\n<a rel=\"nofollow\" href=\"https:\/\/www.facebook.com\/pages\/Atenco-FPDT\/128161247260676?directed_target_id=0\" target=\"_blank\">Atenco FPDT<\/a><\/p>","protected":false},"excerpt":{"rendered":"<p>Al pueblo de M\u00e9xico: A los pueblos del Mundo: A las organizaciones del pueblo: Nuevamente acudimos a ustedes, desde la orilla del agua, Atenco, para alertar y denunciar que la represi\u00f3n desatada contra el Frente de Pueblos en Defensa de la Tierra en mayo del 2006, hoy pretenden revivirla. Durante la ma\u00f1ana de \u00e9ste mi\u00e9rcoles [&hellip;]<\/p>\n","protected":false},"author":1,"featured_media":0,"comment_status":"open","ping_status":"open","sticky":false,"template":"","format":"standard","meta":{"footnotes":""},"categories":[183],"tags":[916,87,27],"class_list":["post-8646","post","type-post","status-publish","format-standard","hentry","category-blog","tag-atenco","tag-represion","tag-solidaridad"],"_links":{"self":[{"href":"https:\/\/radiozapatista.org\/index.php?rest_route=\/wp\/v2\/posts\/8646","targetHints":{"allow":["GET"]}}],"collection":[{"href":"https:\/\/radiozapatista.org\/index.php?rest_route=\/wp\/v2\/posts"}],"about":[{"href":"https:\/\/radiozapatista.org\/index.php?rest_route=\/wp\/v2\/types\/post"}],"author":[{"embeddable":true,"href":"https:\/\/radiozapatista.org\/index.php?rest_route=\/wp\/v2\/users\/1"}],"replies":[{"embeddable":true,"href":"https:\/\/radiozapatista.org\/index.php?rest_route=%2Fwp%2Fv2%2Fcomments&post=8646"}],"version-history":[{"count":0,"href":"https:\/\/radiozapatista.org\/index.php?rest_route=\/wp\/v2\/posts\/8646\/revisions"}],"wp:attachment":[{"href":"https:\/\/radiozapatista.org\/index.php?rest_route=%2Fwp%2Fv2%2Fmedia&parent=8646"}],"wp:term":[{"taxonomy":"category","embeddable":true,"href":"https:\/\/radiozapatista.org\/index.php?rest_route=%2Fwp%2Fv2%2Fcategories&post=8646"},{"taxonomy":"post_tag","embeddable":true,"href":"https:\/\/radiozapatista.org\/index.php?rest_route=%2Fwp%2Fv2%2Ftags&post=8646"}],"curies":[{"name":"wp","href":"https:\/\/api.w.org\/{rel}","templated":true}]}}