{"id":8608,"date":"2013-08-23T16:00:37","date_gmt":"2013-08-23T21:00:37","guid":{"rendered":"https:\/\/radiozapatista.org\/?p=8608"},"modified":"2013-08-25T21:13:37","modified_gmt":"2013-08-26T02:13:37","slug":"8608","status":"publish","type":"post","link":"https:\/\/radiozapatista.org\/?p=8608","title":{"rendered":"Entrevista a Rosendo G\u00f3mez Hern\u00e1ndez sobre el desplazamiento forzado de familias del Ejido Puebla, Chenalh\u00f3"},"content":{"rendered":"<p>En esta entrevista Rosendo G\u00f3mez Hern\u00e1ndez de la mesa directiva de la Organizaci\u00f3n Civil Las Abejas explica las razones para el desplazamiento de familias cat\u00f3licas en el Ejido Puebla, Chenalh\u00f3 ante las amenazas constantes por parte de paramilitares recientemente liberados por el gobierno mexicano. <\/p>\n<p><iframe loading=\"lazy\" src=\"http:\/\/archive.org\/embed\/RosendoGomezHernandez-AbejasDeActeal-SobreEjidoPuebla-23Agosto2013\" width=\"500\" height=\"30\" frameborder=\"0\" webkitallowfullscreen=\"true\" mozallowfullscreen=\"true\" allowfullscreen><\/iframe><\/p>","protected":false},"excerpt":{"rendered":"<p>En esta entrevista Rosendo G\u00f3mez Hern\u00e1ndez de la mesa directiva de la Organizaci\u00f3n Civil Las Abejas explica las razones para el desplazamiento de familias cat\u00f3licas en el Ejido Puebla, Chenalh\u00f3 ante las amenazas constantes por parte de paramilitares recientemente liberados por el gobierno mexicano.<\/p>\n","protected":false},"author":1,"featured_media":0,"comment_status":"open","ping_status":"open","sticky":false,"template":"","format":"standard","meta":{"footnotes":""},"categories":[1,51,296],"tags":[773,917,58,782,106,23],"class_list":["post-8608","post","type-post","status-publish","format-standard","hentry","category-audio","category-autor","category-koman-ilel","tag-chenalho","tag-chiapas","tag-derechos-humanos","tag-desplazamiento-forzado","tag-las-abejas-de-acteal","tag-paramilitares"],"_links":{"self":[{"href":"https:\/\/radiozapatista.org\/index.php?rest_route=\/wp\/v2\/posts\/8608","targetHints":{"allow":["GET"]}}],"collection":[{"href":"https:\/\/radiozapatista.org\/index.php?rest_route=\/wp\/v2\/posts"}],"about":[{"href":"https:\/\/radiozapatista.org\/index.php?rest_route=\/wp\/v2\/types\/post"}],"author":[{"embeddable":true,"href":"https:\/\/radiozapatista.org\/index.php?rest_route=\/wp\/v2\/users\/1"}],"replies":[{"embeddable":true,"href":"https:\/\/radiozapatista.org\/index.php?rest_route=%2Fwp%2Fv2%2Fcomments&post=8608"}],"version-history":[{"count":0,"href":"https:\/\/radiozapatista.org\/index.php?rest_route=\/wp\/v2\/posts\/8608\/revisions"}],"wp:attachment":[{"href":"https:\/\/radiozapatista.org\/index.php?rest_route=%2Fwp%2Fv2%2Fmedia&parent=8608"}],"wp:term":[{"taxonomy":"category","embeddable":true,"href":"https:\/\/radiozapatista.org\/index.php?rest_route=%2Fwp%2Fv2%2Fcategories&post=8608"},{"taxonomy":"post_tag","embeddable":true,"href":"https:\/\/radiozapatista.org\/index.php?rest_route=%2Fwp%2Fv2%2Ftags&post=8608"}],"curies":[{"name":"wp","href":"https:\/\/api.w.org\/{rel}","templated":true}]}}