{"id":8444,"date":"2013-07-24T08:52:42","date_gmt":"2013-07-24T13:52:42","guid":{"rendered":"https:\/\/radiozapatista.org\/?p=8444"},"modified":"2013-07-24T08:52:42","modified_gmt":"2013-07-24T13:52:42","slug":"comunicado-de-las-abejas-odio-y-violencia-en-la-col-puebla-recuerdan-a-condiciones-de-1997","status":"publish","type":"post","link":"https:\/\/radiozapatista.org\/?p=8444","title":{"rendered":"Comunicado de Las Abejas: Odio y violencia en la Col. Puebla recuerdan a condiciones de 1997"},"content":{"rendered":"<p>Organizaci\u00f3n de la Sociedad Civil\u00a0<strong>Las Abejas<\/strong><\/p>\n<p><strong><em>Tierra Sagrada de los M\u00e1rtires de Acteal<\/em><\/strong><\/p>\n<p>Acteal, Ch&#8217;enalvo&#8217;, Chiapas, M\u00e9xico.<\/p>\n<p>22 de julio de 2013<\/p>\n<p>A las Organizaciones Sociales y Pol\u00edticas<\/p>\n<p>A las y los Defensores de los Derechos Humanos<\/p>\n<p>A los Medios de Comunicaci\u00f3n Alternativos<\/p>\n<p>A la Prensa Nacional e Internacional<\/p>\n<p>A la Sociedad Civil Nacional e Internacional<\/p>\n<p>A las y los Adherentes de la Sexta Declaraci\u00f3n de la Selva Lacandona<\/p>\n<p>Hermanos y hermanas:<\/p>\n<p>Sobre esta Tierra Sagrada, que nos abraza hoy, elevaremos nuestra palabra verdadera hacia todos los horizontes y rincones del planeta tierra. Palabra verdadera que no le tiene miedo a enfrentar la mentira, la impunidad, la injusticia, la represi\u00f3n. Que a pesar, del dolor, siempre est\u00e1 la esperanza. Con el permiso del coraz\u00f3n del cielo y coraz\u00f3n de la tierra y de la sangre de Acteal, nuestra palabra verdadera, hoy, empieza as\u00ed:<\/p>\n<p>Hace unos d\u00edas nos enteramos en la prensa nacional, que la organizaci\u00f3n\u00a0<em>The Elders<\/em>, una organizaci\u00f3n mundial por la paz fundada por el gran Nelson Mandela y\u00a0Gra\u00e7a Machel,\u00a0 incluyeron a su agrupaci\u00f3n al Sr. Ernesto Zedillo Ponce de Le\u00f3n, expresidente de M\u00e9xico. Al respecto no vamos a alargarnos en este comunicado, porque enviaremos una carta directa a la agrupaci\u00f3n\u00a0<em>The Elders<\/em>. Pero, de todos modos, les compartimos nuestra opini\u00f3n; porque no somos los \u00fanicos indignados por esta noticia. Sabemos muy bien que Zedillo es el principal autor intelectual de la masacre de Acteal, \u00bfy en la organizaci\u00f3n<em>The Elders<\/em>, qu\u00e9 va a decir de la justicia? \u00bfQue se vale ordenar a masacrar ind\u00edgenas y pacifistas, si es por intereses neoliberales y capitalistas? Y sabemos tambi\u00e9n que Zedillo es responsable de la masacre de campesinos de Aguas Blancas en el estado de Guerrero y este crimen como el de Acteal ambas siguen impunes y son cr\u00edmenes de Estado.<\/p>\n<p>La organizaci\u00f3n\u00a0<em>The Elders<\/em> su trabajo es promover el di\u00e1logo y la paz en el mundo, le preguntamos a Ernesto Zedillo, \u00bfqu\u00e9 tipo de di\u00e1logo y paz va a promover, si, es el principal traidor de los Acuerdos de San Andr\u00e9s, firmados durante su gobierno entre el Ej\u00e9rcito Zapatista de Liberaci\u00f3n Nacional (EZLN)? Recordamos, detalladamente, que Zedillo mientras hablaba de paz y durante los di\u00e1logos entre el gobierno federal y el EZLN, militarizaba y paramilitarizaba a las comunidades zapatistas. Que si Zedillo, ahora miembro de\u00a0<em>The Elders<\/em>, hubiera cumplido los Acuerdos de San Andr\u00e9s y no hubiera formado paramilitares en Chiapas, no se habr\u00eda consumado la masacre de Acteal y no estuvi\u00e9ramos escribiendo este comunicado.<\/p>\n<p>La sangre de nuestros hermanos y hermanas masacradas aqu\u00ed en Acteal, no dejar\u00e1 en paz a Ernesto Zedillo mientras goce de impunidad, sino, hasta que responda por sus cr\u00edmenes contra la humanidad.<\/p>\n<p>Est\u00e1 muy claro que la impunidad, s\u00f3lo, genera m\u00e1s conflictos y muertes. La estrategia de contrainsurgencia de Zedillo, ha dejado una herencia de dolor y de violencia. Y es precisamente lo que se sigue alimentando y reproduciendo en la Col. Puebla, con el pretexto de la disputa del predio de la iglesia cat\u00f3lica.<\/p>\n<p>Las acciones de violencia de las autoridades comunitarias de la Col. Puebla, al destruir la obra de reconstrucci\u00f3n de la ermita cat\u00f3lica el pasado jueves 18 del presente, y la agresi\u00f3n y tortura f\u00edsica hacia 3 personas del pasado 20 de este mismo mes, es un mensaje claro de odio y de violencia. Lo que est\u00e1 pasando en la Col. Puebla no es un juego. Es por eso que nos preocupa y tememos por la vida de los cat\u00f3licos y la de nuestros compa\u00f1eros y compa\u00f1eras de la Organizaci\u00f3n Sociedad Civil Las Abejas, y la de las personas que no est\u00e1n de acuerdo con la violencia como el caso de un Bautista de la Col. Puebla, que por el simple hecho de haberse negado a participar en la violencia, fue golpeado.<\/p>\n<p>Est\u00e1 muy claro que el comportamiento de las autoridades comunitarias, que en lugar de resolver el conflicto por la v\u00eda del di\u00e1logo y como hermanos tsotsiles, recurren a la violencia, tal como en el a\u00f1o de 1997, las mismas autoridades de esa comunidad golpearon a nuestros compa\u00f1eros de Las Abejas. Lo que est\u00e1 pasando ahora, es parecido, c\u00f3mo fue agravando el problema en el a\u00f1o de 1997. Por ejemplo, el entonces presidente municipal de Chenalho Jacinto Arias Cruz, cuando una comisi\u00f3n de paz de Las Abejas, fue a pedirle que detuviera la violencia ejercida por los paramilitares, en la quema de casas y robo de pertenencias de Las Abejas y de las bases de apoyo del EZLN; Jacinto Arias, le respondi\u00f3 a Las Abejas, \u201custedes son los provocadores\u201d. Nuestra conclusi\u00f3n respecto al conflicto actual en la Col. Puebla, tiene que ver con la impunidad y la injusticia que imparte el mal gobierno mexicano. Ya lo hemos dicho muchas veces, que la impunidad en el caso Acteal y sobre todo la excarcelaci\u00f3n de los paramilitares autores de la masacre, ha generado m\u00e1s violencia. Es precisamente lo que est\u00e1 pasando en la Col. Puebla, porque los paramilitares ya vieron, que robar y matar, no es castigado; al contrario, reciben premios del mismo gobierno.<\/p>\n<p>Lo que pedimos y exigimos urgentemente a las autoridades competentes, es la atenci\u00f3n inmediata del conflicto del predio de la iglesia cat\u00f3lica por la v\u00eda pac\u00edfica, sin m\u00e1s pretextos y contratiempos. Asimismo, al presidente municipal de Chenalho Jos\u00e9 Arias V\u00e1zquez, le hacemos una invitaci\u00f3n a actuar imparcialmente y se ponga al lado de la paz y de la justicia. Y que no cometa la misma estupidez, como la que cometi\u00f3 su antecesor Jacinto Arias Cruz, que si no fuera por la corrupci\u00f3n de los ministros de la suprema corte de justicia, no estuviera fuera de la c\u00e1rcel.<\/p>\n<p>Pero, mientras se resuelve la disputa del terreno de la iglesia cat\u00f3lica, las autoridades tienen que castigar a los responsables de la agresi\u00f3n contra\u00a0 los se\u00f1ores Mariano M\u00e9ndez M\u00e9ndez, Luciano M\u00e9ndez Hern\u00e1ndez y Juan L\u00f3pez M\u00e9ndez. Y si les pasa algo a nuestros compa\u00f1eros de la Sociedad Civil Las Abejas, los responsables directos ser\u00e1n el Sr. Agust\u00edn Cruz G\u00f3mez comisariado ejidal y dem\u00e1s autoridades comunitarias de la Col. Puebla y, no descartaremos tambi\u00e9n la responsabilidad del presidente municipal de Chenalh\u00f3, Jos\u00e9 Arias, del gobierno de Manuel Velazco y de Enr\u00edque Pe\u00f1a Nieto y dem\u00e1s autoridades competentes.<\/p>\n<p>Y mientras los paramilitares siguen impunes causando dolor, agresiones y hostigamientos; los inocentes, los defensores de derechos humanos, como nuestro gran hermano y compa\u00f1ero Alberto Patisht\u00e1n G\u00f3mez, el mal gobierno lo tiene preso injusto y arbitrariamente.<\/p>\n<p>Hermanos y hermanas del mundo, no dejemos s\u00f3lo a nuestro compa\u00f1ero Alberto. No descansemos hasta que est\u00e9 libre incondicionalmente. Nosotros y nosotras las pacifistas de Las Abejas,\u00a0<strong>NO<\/strong> permitiremos que el hermano Alberto Patist\u00e1n, se quede en la c\u00e1rcel. Es por eso que convocamos a toda la gente consciente y luchadora por los derechos humanos; a usar todas sus fuerzas, m\u00e9todos y estrategias pac\u00edficos por la justicia y libertad de nuestro compa\u00f1ero Alberto. Pr\u00f3ximamente, se har\u00e1 una acci\u00f3n masiva por la libertad inmediata e incondicional de nuestro hermano Patishtan; en unos d\u00edas se har\u00e1 p\u00fablico la fecha exacta y lugar de dicha manifestaci\u00f3n.<\/p>\n<p>Como dijimos al principio de este documento, hay mucho dolor, pero tambi\u00e9n esperanzas. A pesar de tanta represi\u00f3n, injusticia, impunidad, c\u00e1rcel, muerte que nos ofrece el mal gobierno en M\u00e9xico; los hombres y mujeres conscientes, persistimos en la construcci\u00f3n de un M\u00e9xico y un mundo m\u00e1s justo y digno.<\/p>\n<p>Desde nuestros corazones, desde nuestros pensamientos, desde nuestras casas, desde nuestras milpas, desde nuestras comunidades, desde nuestro pueblo tsotsil; vemos, pensamos y decimos sosteniendo nuestra palabra que el camino para la paz, la justicia y la dignidad es: la autonom\u00eda y la libre determinaci\u00f3n de los pueblos.<\/p>\n<p>Nosotros y nosotras los miembros de la organizaci\u00f3n de la Sociedad Civil Las Abejas, somos una parte de la diversidad de pueblos originarios de M\u00e9xico. Cuando hablamos de la construcci\u00f3n de la autonom\u00eda y libre determinaci\u00f3n, lo decimos desde nuestro modo y desde nuestras experiencias y no ha sido f\u00e1cil, porque nos ha costado la vida, con la masacre de Acteal; pero, aqu\u00ed estamos y aqu\u00ed andamos.<\/p>\n<p>Pero, no somos los y las \u00fanicas que estamos construyendo la autonom\u00eda, sino, que existen muchos pueblos y, otra parte de esos muchos pueblos, son nuestros hermanos y hermanas zapatistas que pr\u00f3ximamente van a celebrar su fiesta de los 10 a\u00f1os de los Caracoles; que igual no les ha sido f\u00e1cil, sino, que han tenido que soportar calumnias, ataques de los malos gobiernos a trav\u00e9s de los paramilitares, desplazamientos forzados, etc. Y a pesar, de todo ello, ah\u00ed est\u00e1n; luchando, construyendo, sufriendo, festejando y caminando.<\/p>\n<p>Desde Acteal, tierra sagrada; desde nuestros corazones, desde nuestros pensamientos; desde el coraz\u00f3n del cielo y coraz\u00f3n de la tierra, les mandamos muchos saludos y felicitaciones a nuestros hermanos y hermanas zapatistas. Y tambi\u00e9n desearles mucha salud y fuerzas para que les vaya muy bien en la escuelita; en donde les compartir\u00e1n a hombres y mujeres, j\u00f3venes, ni\u00f1os y ni\u00f1as de varias partes del planeta tierra; su lucha, su resistencia, sus sue\u00f1os, su sabidur\u00eda, sus experiencias, conocimientos, etc.<\/p>\n<p>Tambi\u00e9n aprovechamos en este comunicado, agradecer y reconocer el acuerdo de varias organizaciones y pueblos originarios y del EZLN, por organizar la C\u00e1tedra Caminante \u201cTata Juan Ch\u00e1vez Alonso\u201d. Esta pl\u00e1tica, este reencuentro de los pueblos, es lo que se necesita para ir construyendo entre todos y todas la gran casa de la autonom\u00eda y de la libre determinaci\u00f3n. Nosotros y nosotras, ustedes, ellos, ellas, siempre hemos hablado de la construcci\u00f3n de otro M\u00e9xico, de otro mundo, m\u00e1s justo y humano y en donde todos y todas tengamos cabida. Entonces, a los pueblos, organizaciones, al EZLN, que conforman ahora la comisi\u00f3n organizadora de la primera sesi\u00f3n de la C\u00e1tedra \u201cTata Juan Ch\u00e1vez\u201d, les reiteramos nuestro agradecimiento y, esperamos poder estar con ustedes, para platicarnos y saludarnos nuestras luchas, nuestros corazones y pensamientos.<\/p>\n<p>!Libertad inmediata e incondicional a nuestro hermano Alberto Patishtan G\u00f3mez!<\/p>\n<p>!Castigo a Ernesto Zedillo, principal autor intelectual de la masacre de Acteal!<\/p>\n<p>!Nunca m\u00e1s un M\u00e9xico sin nosotros y nosotras!<\/p>\n<p><strong>Atentamente<\/strong><\/p>\n<p><strong>La Voz de la Organizaci\u00f3n de la Sociedad Civil Las Abejas<\/strong><\/p>\n<p>Por la mesa directiva:<\/p>\n<p>Rosendo G\u00f3mez Hern\u00e1ndez\u00a0\u00a0\u00a0\u00a0\u00a0\u00a0\u00a0\u00a0\u00a0\u00a0\u00a0\u00a0\u00a0\u00a0\u00a0\u00a0\u00a0\u00a0\u00a0\u00a0\u00a0\u00a0\u00a0\u00a0\u00a0\u00a0\u00a0\u00a0\u00a0\u00a0\u00a0\u00a0\u00a0 Juan G\u00f3mez Ruiz<\/p>\n<p>Antonio V\u00e1zquez G\u00f3mez\u00a0\u00a0\u00a0\u00a0\u00a0\u00a0\u00a0\u00a0\u00a0\u00a0\u00a0\u00a0\u00a0\u00a0\u00a0\u00a0\u00a0\u00a0\u00a0\u00a0\u00a0\u00a0\u00a0\u00a0\u00a0\u00a0\u00a0\u00a0\u00a0\u00a0\u00a0\u00a0\u00a0\u00a0 El\u00edas G\u00f3mez P\u00e9rez<\/p>\n<p>Lorenzo P\u00e9rez Ruiz<\/p>","protected":false},"excerpt":{"rendered":"<p>Organizaci\u00f3n de la Sociedad Civil\u00a0Las Abejas Tierra Sagrada de los M\u00e1rtires de Acteal Acteal, Ch&#8217;enalvo&#8217;, Chiapas, M\u00e9xico. 22 de julio de 2013 A las Organizaciones Sociales y Pol\u00edticas A las y los Defensores de los Derechos Humanos A los Medios de Comunicaci\u00f3n Alternativos A la Prensa Nacional e Internacional A la Sociedad Civil Nacional e [&hellip;]<\/p>\n","protected":false},"author":1,"featured_media":0,"comment_status":"open","ping_status":"open","sticky":false,"template":"","format":"standard","meta":{"footnotes":""},"categories":[51,183],"tags":[100,773,917,106],"class_list":["post-8444","post","type-post","status-publish","format-standard","hentry","category-autor","category-blog","tag-acteal","tag-chenalho","tag-chiapas","tag-las-abejas-de-acteal"],"_links":{"self":[{"href":"https:\/\/radiozapatista.org\/index.php?rest_route=\/wp\/v2\/posts\/8444","targetHints":{"allow":["GET"]}}],"collection":[{"href":"https:\/\/radiozapatista.org\/index.php?rest_route=\/wp\/v2\/posts"}],"about":[{"href":"https:\/\/radiozapatista.org\/index.php?rest_route=\/wp\/v2\/types\/post"}],"author":[{"embeddable":true,"href":"https:\/\/radiozapatista.org\/index.php?rest_route=\/wp\/v2\/users\/1"}],"replies":[{"embeddable":true,"href":"https:\/\/radiozapatista.org\/index.php?rest_route=%2Fwp%2Fv2%2Fcomments&post=8444"}],"version-history":[{"count":0,"href":"https:\/\/radiozapatista.org\/index.php?rest_route=\/wp\/v2\/posts\/8444\/revisions"}],"wp:attachment":[{"href":"https:\/\/radiozapatista.org\/index.php?rest_route=%2Fwp%2Fv2%2Fmedia&parent=8444"}],"wp:term":[{"taxonomy":"category","embeddable":true,"href":"https:\/\/radiozapatista.org\/index.php?rest_route=%2Fwp%2Fv2%2Fcategories&post=8444"},{"taxonomy":"post_tag","embeddable":true,"href":"https:\/\/radiozapatista.org\/index.php?rest_route=%2Fwp%2Fv2%2Ftags&post=8444"}],"curies":[{"name":"wp","href":"https:\/\/api.w.org\/{rel}","templated":true}]}}