{"id":812,"date":"2007-11-11T23:54:24","date_gmt":"2007-11-12T05:54:24","guid":{"rendered":"https:\/\/radiozapatista.org\/?p=812"},"modified":"2015-11-26T14:14:44","modified_gmt":"2015-11-26T20:14:44","slug":"represion-de-la-patrulla-fronteriza-en-el-campamento-contra-las-fronteras","status":"publish","type":"post","link":"https:\/\/radiozapatista.org\/?p=812","title":{"rendered":"Represi\u00f3n de la patrulla fronteriza en el campamento contra las fronteras"},"content":{"rendered":"<p>Entrevista sobre la violenta represi\u00f3n por parte de la Patrulla Fronteriza contra participantes de una  \t\tmanifestaci\u00f3n pac\u00edfica en la frontera entre Mexicali y Calexico al final del Campamento Contra las Fronteras, \t\tel 11 de noviembre<a href=\"http:\/\/www.radiozapatista.org\/Audios\/interviewbrutalityesp.mp3\"><\/a>. (Cortes\u00eda de los medios libres de Mexicali.) <a href=\"http:\/\/noborderscamp.org\/en\/border-patrol-agents-brutalize-non-violent-protestors-during-no-borders-camp-closing-ceremony\">Vea el video de la represi\u00f3n<\/a>.<\/p>\n<p>Escucha en espa\u00f1ol:[podcast]http:\/\/www.radiozapatista.org\/Audios\/interviewbrutalityesp.mp3[\/podcast]<\/p>\n<p>Listen in English:[podcast]http:\/\/www.radiozapatista.org\/Audios\/interviewbrutality.mp3[\/podcast]<\/p>","protected":false},"excerpt":{"rendered":"<p>Entrevista sobre la violenta represi\u00f3n por parte de la Patrulla Fronteriza contra participantes de una manifestaci\u00f3n pac\u00edfica en la frontera entre Mexicali y Calexico al final del Campamento Contra las Fronteras, el 11 de noviembre. (Cortes\u00eda de los medios libres de Mexicali.) Vea el video de la represi\u00f3n. Escucha en espa\u00f1ol:[podcast]http:\/\/www.radiozapatista.org\/Audios\/interviewbrutalityesp.mp3[\/podcast] Listen in English:[podcast]http:\/\/www.radiozapatista.org\/Audios\/interviewbrutality.mp3[\/podcast]<\/p>\n","protected":false},"author":1,"featured_media":0,"comment_status":"open","ping_status":"open","sticky":false,"template":"","format":"standard","meta":{"footnotes":""},"categories":[1,959,953,190],"tags":[919,30,87],"class_list":["post-812","post","type-post","status-publish","format-standard","hentry","category-audio","category-migracion","category-mundo","category-radiozapatista","tag-estados-unidos","tag-migracion","tag-represion"],"_links":{"self":[{"href":"https:\/\/radiozapatista.org\/index.php?rest_route=\/wp\/v2\/posts\/812","targetHints":{"allow":["GET"]}}],"collection":[{"href":"https:\/\/radiozapatista.org\/index.php?rest_route=\/wp\/v2\/posts"}],"about":[{"href":"https:\/\/radiozapatista.org\/index.php?rest_route=\/wp\/v2\/types\/post"}],"author":[{"embeddable":true,"href":"https:\/\/radiozapatista.org\/index.php?rest_route=\/wp\/v2\/users\/1"}],"replies":[{"embeddable":true,"href":"https:\/\/radiozapatista.org\/index.php?rest_route=%2Fwp%2Fv2%2Fcomments&post=812"}],"version-history":[{"count":0,"href":"https:\/\/radiozapatista.org\/index.php?rest_route=\/wp\/v2\/posts\/812\/revisions"}],"wp:attachment":[{"href":"https:\/\/radiozapatista.org\/index.php?rest_route=%2Fwp%2Fv2%2Fmedia&parent=812"}],"wp:term":[{"taxonomy":"category","embeddable":true,"href":"https:\/\/radiozapatista.org\/index.php?rest_route=%2Fwp%2Fv2%2Fcategories&post=812"},{"taxonomy":"post_tag","embeddable":true,"href":"https:\/\/radiozapatista.org\/index.php?rest_route=%2Fwp%2Fv2%2Ftags&post=812"}],"curies":[{"name":"wp","href":"https:\/\/api.w.org\/{rel}","templated":true}]}}