{"id":8011,"date":"2013-04-28T11:08:44","date_gmt":"2013-04-28T16:08:44","guid":{"rendered":"https:\/\/radiozapatista.org\/?p=8011"},"modified":"2013-06-20T18:51:39","modified_gmt":"2013-06-20T23:51:39","slug":"palabra-del-ejido-tila-de-la-sexta-sobre-el-asesinato-del-companero-juan-vazquez-de-san-sebastian-bachanjon","status":"publish","type":"post","link":"https:\/\/radiozapatista.org\/?p=8011","title":{"rendered":"Palabra del Ejido Tila de la Sexta sobre el asesinato del Compa\u00f1ero Juan V\u00e1zquez de San Sebasti\u00e1n Bachanj\u00f3n"},"content":{"rendered":"<p>EJIDO TILA CHIAPAS 26 DE ABRIL DEL 2013<\/p>\n<p>PALABRA DE ADHERENTES A LA SEXTA DEL EJIDO TILA<\/p>\n<p>A LOS COMPA\u00d1EROS Y COMPA\u00d1ERAS DEL EJIDO SAN SEBASTIAN BACHAJON ADHERENTES A LA SEXTA DECLARACION DE LA SELVA LACANDONA<br \/>\nA LA COMISI\u00d3N SEXTA DEL EZLN<br \/>\nA LA JUNTA DE BUEN GOBIERNO DEL CARACOL V ZONA NORTE<br \/>\nAL CONGRESO NACIONAL INDIGENA CNI<br \/>\nA LAS Y LOS ADHERENTES A LA SEXTA<br \/>\nA LAS DIGNAS LUCHAS DE CORAZON DE LOS PUEBLOS DE MEXICO Y EL MUNDO<br \/>\nA LOS DIFERENTES MEDIOS DE COMUNICACION<\/p>\n<p>COMPA\u00d1EROS Y COMPA\u00d1ERAS<\/p>\n<p>QUEREMOS DECIR NUESTRA PALABRA SOBRE EL COBARDE ASESINATO DEL COMPA\u00d1ERO JUAN VAZQUEZ COMPA\u00d1ERO LUCHADOR DEL EJIDO SAN SEBASTIAN BACHAJON ADHERENTES A LA SEXTA DECLARACION DE LA SELVA LACANDONA AUNQUE NOS FALTAN PALABRAS PARA DECIR EL SENTIMIENTO QUE VIVIMOS.<\/p>\n<p>NOS SENTIMOS MUY TRISTES POR SU MUERTE DEL COMPA\u00d1ERO JUAN QUE ES COMPA\u00d1ERO DE LUCHA POR ESO ESTAMOS ACOMPA\u00d1ANDO SU PARTIDA. Y QUEREMOS CON NUESTRA PALABRA DE ANIMAR A LOS COMPA\u00d1EROS Y COMPA\u00d1ERAS. LAS COMPA\u00d1ERAS NOS SENTIMOS MUY DOLIDAS POR SU MUERTE PORQUE ES UN COMPA\u00d1ERO QUE TUVO EL CORAZON EN LA MANO PARA LA DEFENSA DEL TERRITORIO Y QUE ESTAMOS TRISTES PORQUE APRENDIO EL COMPA\u00d1ERO A LUCHAR APOYANDO A SUS COMPA\u00d1EROS Y PUSO BUEN EJEMPLO DE SEGUIR QUE FUE HACER SUS TRABAJOS Y SEGUIR CAMINANDO Y LUCHANDO.<\/p>\n<p>JUAN VAZQUEZ ES UN COMPA\u00d1ERO CAIDO EN LA DEFENSA DE LA TIERRA Y TERRITORIO POR QUE HOY ACLARAMOS QUE LA SEXTA DEL EJIDO TILA ESTA CON LOS COMPA\u00d1EROS Y COMPA\u00d1ERAS DE SAN SEBASTIAN BACHAJON Y DECIMOS QUE NO ESTAN SOLOS. Y QUE SIEMPRE LUCHAREMOS PORQUE SIGAMOS UNIDOS PORQUE ESTO ES LO QUE NOS HACE FUERTES QUE CADA PUEBLO TRIBU COLECTIVOS CUANDO SE UNE SE HACE UN SOLO CORAZON.<\/p>\n<p>CON LOS COMPA\u00d1EROS Y COMPA\u00d1ERAS EJIDATARIOS ADHERETNES DE SAN SEBASTIAN NOS HEMOS VISTO COMO LA MISMA LUCHA EN LA DEFENSA DE LA MADRE TIERRA Y TERRITORIO COMO PUEBLOS INDIGENAS TSELTALES Y CH&#8217;OLES. Y PORQUE COMPARTIMOS UNA MISMA HISTORIA CON LOS MISMOS OPRESORES QUE HAN SIDO LOS MALOS GOBIERNOS Y LOS HACENDADOS GRANDES EMPRESARIOS QUIENES COMPARTEN LA MISMA AMBISION EN SU CORAZON DE SER DUE\u00d1OS DE NUESTRAS TIERRAS Y NUESTRA GENTE.<\/p>\n<p>QUEREMOS DECIR QUE TENEMOS LA MEMORIA DE TANTA REPRESION EN ESTOS A\u00d1OS Y QUE SE\u00d1ALAMOS EL VERDADERO RESPONSABLE DE SU MUERTE ES EL GOBIERNO DEL ESTADO Y CON MAS RESPONSABILIDAD EN LA SECRETARIA DE GOBIERNO PORQUE TIENE A\u00d1OS DESTRUYENDO LA ORGANIZACION DE ADHERENTES DEL EJIDO SAN SEBASTIAN Y LA DEFENSA DE LA TIERRA Y TERRITORIO DE CASCADAS DE AGUA AZUL. PORQUE LO SABEMOS BIEN QUE EN ESA DEPENDENCIA DEL GOBIERNO ES DONDE LLAMAN A LIDERES CORRUPTOS Y MALEANTES PARA OFRECER LOS PROGRAMAS Y DINEROS CONDICIONANDO A\u00a0 HACER ENFRENTAMIENTO CONTRA QUIENES ESTAMOS ORGANIZADOS Y RESISTIENDO SU PROYECTO DE MUERTE. Y QUE LO RECORDAMOS QUE COMPA\u00d1ERO FUE DETENIDO ILEGALMENTE EN DICIEMBRE 2011 CUANDO LO QUISISERON METER PRESO PERO NO PUDIERON POR ESO AHORA LO MANDARON COBERDEMENTE A MATAR.<\/p>\n<p>EL COBARDE ASESINATO ES PORQUE EL GOBIERNO NOS QUIERE INTIMIDAR NOS QUIERE IR ACABANDO POR MEDIO DE SUS MAFIAS. PORQUE NO NOS QUIERE VER SEGUIR LUCHANDO Y CRECIENDO NUESTRA LUCHA PERO LO QUE LUCHAMOS LO LUCHAMOS PARA NUESTROS HIJOS COMO LA LUCHARON NUESTROS ABUELOS Y ABUELAS. POR ESO PESE A QUIEN LE PESE SEGUIREMOS ORGANIZANDO Y LUCHANDO.<\/p>\n<p>QUEREMOS DECIR QUE EL COMPA\u00d1ERO JUAN NO ESTA MUERTO ESTA EN CADA UNO DE NUESTROS CORAZONES Y PENSAMIENTOS. ESTA EN SU LUCHA DEL EJIDO SAN SEBSTIAN BACHAJON ADHERENTES A LA SEXTA DECLARACION Y LA QUE JUNTOS CAMINAMOS EN DEFENSA DE NUESTRO TERRITORIO Y TIERRA Y LIBERTAD JUNTO CON MUCHOS COMPA\u00d1EROS Y COMPA\u00d1ERAS DE MEXICO Y EL MUNDO. EL COMPA\u00d1ERO AHORA ES UNA SEMILLA QUE HA BROTADO Y QUE SEGUIRA BROTANDO Y HABRA MUCHOS JUANES.<\/p>\n<p>COMO PUEBLO DESDE ABAJO Y A LA IZQUIERDA ESTA NUESTRO CORAZON Y AHI GUARDAMOS NUESTRA MEMORIA COMO LO HAN HECHO MUCHOS PUEBLOS MAS Y DE AHI ESA ES LA QUE NOS MANTIENE COMO COMPATRIOTAS QUE DAMOS LA VIDA PARA NUESTRO PUEBLO. PORQUE EN TANTOS Y TANTOS A\u00d1OS DE LUCHA DONDE MUCHOS HAN CAIDO SABEMOS QUE ELLOS SON UN EJEMPLO MAS DE QUE MAS VALE MORIR DE PIE QUE VIVIR ARRODILLADO POR LOS MALOS GOBIERNOS.<\/p>\n<p>ALZAMOS NUESTRA MANO DICIENDO:<\/p>\n<div>MEMORIA Y VIDA EN NUESTRO CORAZON PARA EL COMPA\u00d1ERO JUAN<\/p>\n<p>QUE VIVA LA LUCHA DEL EJIDO SAN SABASTIAN BACHAJON ADHERENTES A LA SEXTA<\/p>\n<p>QUE VIVA EL PUEBLO ORGANIZADO<br \/>\n<strong><br \/>\n<\/strong><strong> ATENTAMENTE <\/strong><strong><br \/>\n<\/strong><strong>TIERRA Y LIBERTAD <\/strong><strong><br \/>\n<\/strong><strong><br \/>\n<\/strong><strong><br \/>\n<\/strong><strong>EJIDO TILA ADHERENTES A LA SEXTA<\/strong><\/div>\n<p><\/p>","protected":false},"excerpt":{"rendered":"<p>EJIDO TILA CHIAPAS 26 DE ABRIL DEL 2013 PALABRA DE ADHERENTES A LA SEXTA DEL EJIDO TILA A LOS COMPA\u00d1EROS Y COMPA\u00d1ERAS DEL EJIDO SAN SEBASTIAN BACHAJON ADHERENTES A LA SEXTA DECLARACION DE LA SELVA LACANDONA A LA COMISI\u00d3N SEXTA DEL EZLN A LA JUNTA DE BUEN GOBIERNO DEL CARACOL V ZONA NORTE AL CONGRESO [&hellip;]<\/p>\n","protected":false},"author":1,"featured_media":0,"comment_status":"open","ping_status":"open","sticky":false,"template":"","format":"standard","meta":{"footnotes":""},"categories":[51,183],"tags":[61,738,87,95],"class_list":["post-8011","post","type-post","status-publish","format-standard","hentry","category-autor","category-blog","tag-bachajon","tag-juan-vazquez-guzman","tag-represion","tag-tila"],"_links":{"self":[{"href":"https:\/\/radiozapatista.org\/index.php?rest_route=\/wp\/v2\/posts\/8011","targetHints":{"allow":["GET"]}}],"collection":[{"href":"https:\/\/radiozapatista.org\/index.php?rest_route=\/wp\/v2\/posts"}],"about":[{"href":"https:\/\/radiozapatista.org\/index.php?rest_route=\/wp\/v2\/types\/post"}],"author":[{"embeddable":true,"href":"https:\/\/radiozapatista.org\/index.php?rest_route=\/wp\/v2\/users\/1"}],"replies":[{"embeddable":true,"href":"https:\/\/radiozapatista.org\/index.php?rest_route=%2Fwp%2Fv2%2Fcomments&post=8011"}],"version-history":[{"count":0,"href":"https:\/\/radiozapatista.org\/index.php?rest_route=\/wp\/v2\/posts\/8011\/revisions"}],"wp:attachment":[{"href":"https:\/\/radiozapatista.org\/index.php?rest_route=%2Fwp%2Fv2%2Fmedia&parent=8011"}],"wp:term":[{"taxonomy":"category","embeddable":true,"href":"https:\/\/radiozapatista.org\/index.php?rest_route=%2Fwp%2Fv2%2Fcategories&post=8011"},{"taxonomy":"post_tag","embeddable":true,"href":"https:\/\/radiozapatista.org\/index.php?rest_route=%2Fwp%2Fv2%2Ftags&post=8011"}],"curies":[{"name":"wp","href":"https:\/\/api.w.org\/{rel}","templated":true}]}}