{"id":788,"date":"2008-01-04T23:45:17","date_gmt":"2008-01-05T05:45:17","guid":{"rendered":"https:\/\/radiozapatista.org\/?p=788"},"modified":"2019-03-26T09:41:51","modified_gmt":"2019-03-26T15:41:51","slug":"programa-en-espanol-10","status":"publish","type":"post","link":"https:\/\/radiozapatista.org\/?p=788","title":{"rendered":"Programa en espa\u00f1ol"},"content":{"rendered":"<p>Ind\u00edgenas lakota declaran autonom\u00eda en EU; Recordando la masacre de Acteal; Conmemorando a las mujeres en resistencia         y a la Comandanta Ramona; Represi\u00f3n y paramilitarizaci\u00f3n en Chiapas.<\/p>","protected":false},"excerpt":{"rendered":"<p>Ind\u00edgenas lakota declaran autonom\u00eda en EU; Recordando la masacre de Acteal; Conmemorando a las mujeres en resistencia y a la Comandanta Ramona; Represi\u00f3n y paramilitarizaci\u00f3n en Chiapas.<\/p>\n","protected":false},"author":1,"featured_media":0,"comment_status":"open","ping_status":"open","sticky":false,"template":"","format":"standard","meta":{"footnotes":""},"categories":[1,6,46,953],"tags":[100,79,917,23,545,87],"class_list":["post-788","post","type-post","status-publish","format-standard","hentry","category-audio","category-chiapas","category-la-onda-bajita","category-mundo","tag-acteal","tag-autonomia","tag-chiapas","tag-paramilitares","tag-pueblos-indigenas","tag-represion"],"_links":{"self":[{"href":"https:\/\/radiozapatista.org\/index.php?rest_route=\/wp\/v2\/posts\/788","targetHints":{"allow":["GET"]}}],"collection":[{"href":"https:\/\/radiozapatista.org\/index.php?rest_route=\/wp\/v2\/posts"}],"about":[{"href":"https:\/\/radiozapatista.org\/index.php?rest_route=\/wp\/v2\/types\/post"}],"author":[{"embeddable":true,"href":"https:\/\/radiozapatista.org\/index.php?rest_route=\/wp\/v2\/users\/1"}],"replies":[{"embeddable":true,"href":"https:\/\/radiozapatista.org\/index.php?rest_route=%2Fwp%2Fv2%2Fcomments&post=788"}],"version-history":[{"count":1,"href":"https:\/\/radiozapatista.org\/index.php?rest_route=\/wp\/v2\/posts\/788\/revisions"}],"predecessor-version":[{"id":31062,"href":"https:\/\/radiozapatista.org\/index.php?rest_route=\/wp\/v2\/posts\/788\/revisions\/31062"}],"wp:attachment":[{"href":"https:\/\/radiozapatista.org\/index.php?rest_route=%2Fwp%2Fv2%2Fmedia&parent=788"}],"wp:term":[{"taxonomy":"category","embeddable":true,"href":"https:\/\/radiozapatista.org\/index.php?rest_route=%2Fwp%2Fv2%2Fcategories&post=788"},{"taxonomy":"post_tag","embeddable":true,"href":"https:\/\/radiozapatista.org\/index.php?rest_route=%2Fwp%2Fv2%2Ftags&post=788"}],"curies":[{"name":"wp","href":"https:\/\/api.w.org\/{rel}","templated":true}]}}