{"id":7842,"date":"2013-03-27T09:37:28","date_gmt":"2013-03-27T15:37:28","guid":{"rendered":"https:\/\/radiozapatista.org\/?p=7842"},"modified":"2013-03-27T09:51:57","modified_gmt":"2013-03-27T15:51:57","slug":"en-defensa-del-rio-suljaa%c2%b4-los-pueblos-nu-savi-y-nancue-nomndaa-contra-el-despojo-del-estado-de-guerrero","status":"publish","type":"post","link":"https:\/\/radiozapatista.org\/?p=7842","title":{"rendered":"En defensa del r\u00edo Suljaa\u00b4: los pueblos Nu Savi y Nancue \u00d1omndaa contra el despojo del estado de Guerrero"},"content":{"rendered":"<p><iframe loading=\"lazy\" src=\"http:\/\/archive.org\/embed\/Rio_Suljaa_Gro\" width=\"380\" height=\"300\" frameborder=\"0\" webkitallowfullscreen=\"true\" mozallowfullscreen=\"true\" allowfullscreen><\/iframe><\/p>\n<p>Nuestro R\u00edo Suljaa&#8217;, ubicado en territorio Nu Savi y Nancue \u00d1omndaa, en la Costa Chica de Guerrero, se encuentra en peligro ante la amenaza de despojo impulsada por el gobierno del estado de Guerrero.<\/p>\n<p>Con una obra que pretende entubar el R\u00edo de Suljaa&#8217;, se busca despojarnos de este invaluable bien natural y llevar el agua del r\u00edo a la cabecera municipal de Ometepec, sin tomar en cuenta a las comunidades que viven a la orilla de este r\u00edo.<\/p>\n<p>Con estas acciones, el gobierno del Estado de Guerrero, encabezado actualmente por \u00c1ngel Heladio Aguirre Rivero, viola los derecho de los pueblos originarios reconocidos en el Convenio 169 de la Organizaci\u00f3n Internacional del Trabajo, la Ley 701 de Reconocimiento, Derechos y Cultura de los Pueblos Ind\u00edgenas del estado de Guerrero, y la Declaraci\u00f3n de Naciones Unidas sobre derechos de los pueblos ind\u00edgenas la cual en su art\u00edculo 26 dice: Los pueblos ind\u00edgenas tienen derecho a las tierras, territorios y recursos que tradicionalmente han pose\u00eddo, ocupado o utilizado o adquirido.<\/p>\n<p>Apoya la lucha del pueblo Nancue \u00d1omndaa contra el despojo de su territorio.<\/p>\n<div>\n<div>\n<div>Mas informaci\u00f3n en: facebook defensa de nuestro rio suljaa<\/p>\n<p>\u00a1Nunca m\u00e1s un M\u00e9xico sin nosotrxs!<\/p><\/div>\n<p>Atentamente<\/p><\/div>\n<p>Comite de Radio \u00d1omndaa<\/p><\/div>\n<p>La Palabra del Agua<\/p>","protected":false},"excerpt":{"rendered":"<p>Nuestro R\u00edo Suljaa&#8217;, ubicado en territorio Nu Savi y Nancue \u00d1omndaa, en la Costa Chica de Guerrero, se encuentra en peligro ante la amenaza de despojo impulsada por el gobierno del estado de Guerrero. Con una obra que pretende entubar el R\u00edo de Suljaa&#8217;, se busca despojarnos de este invaluable bien natural y llevar el [&hellip;]<\/p>\n","protected":false},"author":1,"featured_media":0,"comment_status":"open","ping_status":"open","sticky":false,"template":"","format":"standard","meta":{"footnotes":""},"categories":[1,51],"tags":[255,77,545],"class_list":["post-7842","post","type-post","status-publish","format-standard","hentry","category-audio","category-autor","tag-despojo","tag-guerrero","tag-pueblos-indigenas"],"_links":{"self":[{"href":"https:\/\/radiozapatista.org\/index.php?rest_route=\/wp\/v2\/posts\/7842","targetHints":{"allow":["GET"]}}],"collection":[{"href":"https:\/\/radiozapatista.org\/index.php?rest_route=\/wp\/v2\/posts"}],"about":[{"href":"https:\/\/radiozapatista.org\/index.php?rest_route=\/wp\/v2\/types\/post"}],"author":[{"embeddable":true,"href":"https:\/\/radiozapatista.org\/index.php?rest_route=\/wp\/v2\/users\/1"}],"replies":[{"embeddable":true,"href":"https:\/\/radiozapatista.org\/index.php?rest_route=%2Fwp%2Fv2%2Fcomments&post=7842"}],"version-history":[{"count":0,"href":"https:\/\/radiozapatista.org\/index.php?rest_route=\/wp\/v2\/posts\/7842\/revisions"}],"wp:attachment":[{"href":"https:\/\/radiozapatista.org\/index.php?rest_route=%2Fwp%2Fv2%2Fmedia&parent=7842"}],"wp:term":[{"taxonomy":"category","embeddable":true,"href":"https:\/\/radiozapatista.org\/index.php?rest_route=%2Fwp%2Fv2%2Fcategories&post=7842"},{"taxonomy":"post_tag","embeddable":true,"href":"https:\/\/radiozapatista.org\/index.php?rest_route=%2Fwp%2Fv2%2Ftags&post=7842"}],"curies":[{"name":"wp","href":"https:\/\/api.w.org\/{rel}","templated":true}]}}