{"id":7339,"date":"2012-12-19T16:28:30","date_gmt":"2012-12-19T22:28:30","guid":{"rendered":"https:\/\/radiozapatista.org\/?p=7339"},"modified":"2012-12-19T16:38:35","modified_gmt":"2012-12-19T22:38:35","slug":"tercer-seminario-internacional-de-reflexion-y-analisis-planeta-tierra-movimientos-antisistemicos","status":"publish","type":"post","link":"https:\/\/radiozapatista.org\/?p=7339","title":{"rendered":"Tercer Seminario Internacional de Reflexion y An\u00e1lisis &#8220;Planeta Tierra: Movimientos Antisist\u00e9micos&#8221;"},"content":{"rendered":"<p><a href=\"https:\/\/radiozapatista.org\/wp-content\/uploads\/2012\/12\/seminario-int1.jpg\"><img loading=\"lazy\" decoding=\"async\" class=\"aligncenter size-full wp-image-7340\" title=\"seminario int1\" src=\"https:\/\/radiozapatista.org\/wp-content\/uploads\/2012\/12\/seminario-int1.jpg\" alt=\"\" width=\"520\" height=\"691\" \/><\/a><\/p>\n<p>Invitaci\u00f3n al seminario de este a\u00f1o a realizarse el 30, 31 de diciembre de 2012 y el 1 y 2 de enero de 2013<\/p>\n<p>M\u00e1s detalles en:\u00a0 <a href=\"http:\/\/seminarioscideci.org\/\">http:\/\/seminarioscideci.org\/<\/a><\/p>\n<p><a href=\"https:\/\/radiozapatista.org\/wp-content\/uploads\/2012\/12\/seminario-int2.png\"><img loading=\"lazy\" decoding=\"async\" class=\"aligncenter size-full wp-image-7341\" title=\"seminario int2\" src=\"https:\/\/radiozapatista.org\/wp-content\/uploads\/2012\/12\/seminario-int2.png\" alt=\"\" width=\"520\" height=\"695\" \/><\/a><\/p>","protected":false},"excerpt":{"rendered":"<p>Invitaci\u00f3n al seminario de este a\u00f1o a realizarse el 30, 31 de diciembre de 2012 y el 1 y 2 de enero de 2013 M\u00e1s detalles en:\u00a0 http:\/\/seminarioscideci.org\/<\/p>\n","protected":false},"author":1,"featured_media":0,"comment_status":"open","ping_status":"open","sticky":false,"template":"","format":"standard","meta":{"footnotes":""},"categories":[183],"tags":[923],"class_list":["post-7339","post","type-post","status-publish","format-standard","hentry","category-blog","tag-cideci"],"_links":{"self":[{"href":"https:\/\/radiozapatista.org\/index.php?rest_route=\/wp\/v2\/posts\/7339","targetHints":{"allow":["GET"]}}],"collection":[{"href":"https:\/\/radiozapatista.org\/index.php?rest_route=\/wp\/v2\/posts"}],"about":[{"href":"https:\/\/radiozapatista.org\/index.php?rest_route=\/wp\/v2\/types\/post"}],"author":[{"embeddable":true,"href":"https:\/\/radiozapatista.org\/index.php?rest_route=\/wp\/v2\/users\/1"}],"replies":[{"embeddable":true,"href":"https:\/\/radiozapatista.org\/index.php?rest_route=%2Fwp%2Fv2%2Fcomments&post=7339"}],"version-history":[{"count":0,"href":"https:\/\/radiozapatista.org\/index.php?rest_route=\/wp\/v2\/posts\/7339\/revisions"}],"wp:attachment":[{"href":"https:\/\/radiozapatista.org\/index.php?rest_route=%2Fwp%2Fv2%2Fmedia&parent=7339"}],"wp:term":[{"taxonomy":"category","embeddable":true,"href":"https:\/\/radiozapatista.org\/index.php?rest_route=%2Fwp%2Fv2%2Fcategories&post=7339"},{"taxonomy":"post_tag","embeddable":true,"href":"https:\/\/radiozapatista.org\/index.php?rest_route=%2Fwp%2Fv2%2Ftags&post=7339"}],"curies":[{"name":"wp","href":"https:\/\/api.w.org\/{rel}","templated":true}]}}