{"id":7332,"date":"2012-12-19T16:05:04","date_gmt":"2012-12-19T22:05:04","guid":{"rendered":"https:\/\/radiozapatista.org\/?p=7332"},"modified":"2012-12-19T16:05:04","modified_gmt":"2012-12-19T22:05:04","slug":"cfe-realiza-cortes-de-energia-electrica-a-integrantes-del-frente-civico-tonalteco-ac","status":"publish","type":"post","link":"https:\/\/radiozapatista.org\/?p=7332","title":{"rendered":"CFE realiza cortes de Energ\u00eda El\u00e9ctrica a Integrantes del Frente C\u00edvico Tonalteco AC"},"content":{"rendered":"<p><\/p>\n<p style=\"text-align: left;\">Bolet\u00edn No. 17<br \/>\nTonal\u00e1, Chiapas a 17 de Diciembre del 2012<\/p>\n<p style=\"text-align: left;\"><a href=\"https:\/\/radiozapatista.org\/wp-content\/uploads\/2012\/12\/cfeTonala.jpg\"><img loading=\"lazy\" decoding=\"async\" class=\"aligncenter size-medium wp-image-7333\" title=\"cfeTonala\" src=\"https:\/\/radiozapatista.org\/wp-content\/uploads\/2012\/12\/cfeTonala-225x300.jpg\" alt=\"\" width=\"225\" height=\"300\" srcset=\"https:\/\/radiozapatista.org\/wp-content\/uploads\/2012\/12\/cfeTonala-225x300.jpg 225w, https:\/\/radiozapatista.org\/wp-content\/uploads\/2012\/12\/cfeTonala-768x1024.jpg 768w, https:\/\/radiozapatista.org\/wp-content\/uploads\/2012\/12\/cfeTonala.jpg 1200w\" sizes=\"auto, (max-width: 225px) 100vw, 225px\" \/><\/a><\/p>\n<p style=\"text-align: left;\">\n<strong>\u201cCFE realiza cortes de Energ\u00eda El\u00e9ctrica a Integrantes del Frente C\u00edvico Tonalteco AC\u201d<\/strong> <strong><br \/>\n<\/strong> <a href=\"http:\/\/4.bp.blogspot.com\/-vtKg2RHEVHc\/UNFXvxH753I\/AAAAAAAAAHw\/6G7jdnWAuAI\/s1600\/17122012132.jpg\"><\/a> <strong><br \/>\n<\/strong> Este Centro de Derechos Humanos ha documentado los diversos abusos de la CFE (Comisi\u00f3n Federal de Electricidad) en contra de integrantes del Frente C\u00edvico Tonalteco AC de la ciudad de Tonal\u00e1, Chiapas.<br \/>\nEl d\u00eda <strong><span style=\"text-decoration: underline;\">12 de Diciembre<\/span><\/strong> personal de la <strong><em>Comisi\u00f3n Federal de Electricidad<\/em><\/strong> a bordo de una camioneta tipo <strong>Ford Color Blanca<\/strong> con n\u00famero de Placas <strong>RV0310,<\/strong> n\u00famero econ\u00f3mico <strong>93704 <\/strong>de la ciudad de Oaxaca, se presentaron en el Barrio San Felipe realizando cortes de luz y pintas en la paredes en donde se encuentran los medidores de luz a los <strong><em>Sres. Martin V\u00e1zquez, Mar\u00eda del Carmen V\u00e1zquez L\u00f3pez, Jos\u00e9 Luis L\u00f3pez Hern\u00e1ndez, Jes\u00fas L\u00f3pez, Esperito Salazar Fuentes<\/em><\/strong> quienes son parte de la resistencia civil contra las altas tarifas de energ\u00eda el\u00e9ctrica.<\/p>\n<p style=\"text-align: left;\">\nEl d\u00eda <strong>13 de Diciembre<\/strong> aproximadamente a las <strong>13:30 horas<\/strong> diversas cuadrillas de la CFE acudieron al Barrio Las Flores realizando cortes de luz a los <strong><em>Sres. Ursulo Macal Cruz, Luis Alberto G\u00f3mez Ovando, Ruperto Ovando Caballero, Adela Sancho, Alfonso Espinosa Fuentes, Jos\u00e9 Luis Fuentes, Julio V\u00e1zquez Orozco e Isabel Toledo<\/em><\/strong>.<br \/>\nEl d\u00eda <strong>17 de diciembre<\/strong> aproximadamente las <strong>10:00 am <\/strong>personal de CFE realizo el corte de luz a la <strong><em>Sra. Judith Hip\u00f3lito L\u00f3pez<\/em><\/strong> quien tiene su domicilio ubicado en la Avenida Zaragoza y Castro Zambrano.<\/p>\n<p style=\"text-align: left;\">\nEse mismo d\u00eda aproximadamente a las <strong>16:00 horas<\/strong> personal de CFE realizo el corte de luz a la <strong><em>Sra. Zahit Salazar<\/em><\/strong> quien es una mujer sola de 76 a\u00f1os de edad, quien tiene su domicilio en la calle Carlos Tejada y Mariscal del Barrio Nuevo.<br \/>\nEn diversos barrios y colonias como la Evoluci\u00f3n, Ampliaci\u00f3n 14 de Septiembre, San Francisco, Nicatan diversas cuadrillas de CFE han hostigado y amenazando a los usuarios exigiendo el pago del servicio el\u00e9ctrico, acompa\u00f1ados en muchos casos por supuestos abogados para intimidar a los usuarios.<\/p>\n<p style=\"text-align: left;\">\nPor lo que este Centro de Derechos Humanos exige:<\/p>\n<p style=\"text-align: left;\">\n1.- Se ponga fin a los actos de hostigamiento y amenazas por parte de funcionarios de la Comisi\u00f3n Federal de Electricidad en contra de integrantes del FCT (Frente C\u00edvico Tonalteco)<br \/>\n2.-\u00a0 \u00a0Cese a los cortes de Luz en contra de integrantes del FCT hasta en tanto no se resuelva la problem\u00e1tica de la Energ\u00eda El\u00e9ctrica.<\/p>\n<p style=\"text-align: left;\">\n<strong><span style=\"text-decoration: underline;\">Antecedentes: <\/span><\/strong><\/p>\n<p style=\"text-align: left;\">\nEl Frente C\u00edvico Tonalteco es una organizaci\u00f3n social que surge en el a\u00f1o de 1994 en la ciudad de Tonal\u00e1, Chiapas. Forman parte de la Otra Campa\u00f1a y de la Red Nacional de Resistencia Civil contra las Altas Tarifas de Energ\u00eda El\u00e9ctrica que est\u00e1 integrada por 8 Estados de la rep\u00fablica.<br \/>\nEsta organizados por barrios y colonias que han decido no pagar la energ\u00eda el\u00e9ctrica por los excesivos cobros de luz por parte de la CFE hasta en tanto no tenga una Tarifa Justa de Energ\u00eda El\u00e9ctrica.<\/p>\n<p><\/p>","protected":false},"excerpt":{"rendered":"<p>Bolet\u00edn No. 17 Tonal\u00e1, Chiapas a 17 de Diciembre del 2012 \u201cCFE realiza cortes de Energ\u00eda El\u00e9ctrica a Integrantes del Frente C\u00edvico Tonalteco AC\u201d Este Centro de Derechos Humanos ha documentado los diversos abusos de la CFE (Comisi\u00f3n Federal de Electricidad) en contra de integrantes del Frente C\u00edvico Tonalteco AC de la ciudad de Tonal\u00e1, [&hellip;]<\/p>\n","protected":false},"author":1,"featured_media":0,"comment_status":"open","ping_status":"open","sticky":false,"template":"","format":"standard","meta":{"footnotes":""},"categories":[51,183],"tags":[192,528,200,58],"class_list":["post-7332","post","type-post","status-publish","format-standard","hentry","category-autor","category-blog","tag-centro-de-derechos-humanos-digna-ochoa","tag-cfe","tag-consejo-autonomo-de-la-costa","tag-derechos-humanos"],"_links":{"self":[{"href":"https:\/\/radiozapatista.org\/index.php?rest_route=\/wp\/v2\/posts\/7332","targetHints":{"allow":["GET"]}}],"collection":[{"href":"https:\/\/radiozapatista.org\/index.php?rest_route=\/wp\/v2\/posts"}],"about":[{"href":"https:\/\/radiozapatista.org\/index.php?rest_route=\/wp\/v2\/types\/post"}],"author":[{"embeddable":true,"href":"https:\/\/radiozapatista.org\/index.php?rest_route=\/wp\/v2\/users\/1"}],"replies":[{"embeddable":true,"href":"https:\/\/radiozapatista.org\/index.php?rest_route=%2Fwp%2Fv2%2Fcomments&post=7332"}],"version-history":[{"count":0,"href":"https:\/\/radiozapatista.org\/index.php?rest_route=\/wp\/v2\/posts\/7332\/revisions"}],"wp:attachment":[{"href":"https:\/\/radiozapatista.org\/index.php?rest_route=%2Fwp%2Fv2%2Fmedia&parent=7332"}],"wp:term":[{"taxonomy":"category","embeddable":true,"href":"https:\/\/radiozapatista.org\/index.php?rest_route=%2Fwp%2Fv2%2Fcategories&post=7332"},{"taxonomy":"post_tag","embeddable":true,"href":"https:\/\/radiozapatista.org\/index.php?rest_route=%2Fwp%2Fv2%2Ftags&post=7332"}],"curies":[{"name":"wp","href":"https:\/\/api.w.org\/{rel}","templated":true}]}}