{"id":7268,"date":"2012-12-07T16:48:02","date_gmt":"2012-12-07T22:48:02","guid":{"rendered":"https:\/\/radiozapatista.org\/?p=7268"},"modified":"2012-12-07T16:48:02","modified_gmt":"2012-12-07T22:48:02","slug":"mariana-muniz-inocente","status":"publish","type":"post","link":"https:\/\/radiozapatista.org\/?p=7268","title":{"rendered":"Mariana Mu\u00f1iz: Inocente!"},"content":{"rendered":"<p>V\u00eddeo sobre una de las detenciones arbitrarias de la represi\u00f3n del 1 de Diciembre en M\u00e9xico, durante la toma de protesta de Enrique Pe\u00f1a Nieto. <\/p>\n<p><iframe loading=\"lazy\" width=\"360\" height=\"270\" src=\"http:\/\/www.youtube.com\/embed\/3Pcmdbj3GBA?rel=0\" frameborder=\"0\" allowfullscreen><\/iframe><\/p>","protected":false},"excerpt":{"rendered":"<p>V\u00eddeo sobre una de las detenciones arbitrarias de la represi\u00f3n del 1 de Diciembre en M\u00e9xico, durante la toma de protesta de Enrique Pe\u00f1a Nieto.<\/p>\n","protected":false},"author":1,"featured_media":0,"comment_status":"open","ping_status":"open","sticky":false,"template":"","format":"standard","meta":{"footnotes":""},"categories":[1,51],"tags":[595,58,593,87],"class_list":["post-7268","post","type-post","status-publish","format-standard","hentry","category-audio","category-autor","tag-1dmx","tag-derechos-humanos","tag-enrique-pena-nieto","tag-represion"],"_links":{"self":[{"href":"https:\/\/radiozapatista.org\/index.php?rest_route=\/wp\/v2\/posts\/7268","targetHints":{"allow":["GET"]}}],"collection":[{"href":"https:\/\/radiozapatista.org\/index.php?rest_route=\/wp\/v2\/posts"}],"about":[{"href":"https:\/\/radiozapatista.org\/index.php?rest_route=\/wp\/v2\/types\/post"}],"author":[{"embeddable":true,"href":"https:\/\/radiozapatista.org\/index.php?rest_route=\/wp\/v2\/users\/1"}],"replies":[{"embeddable":true,"href":"https:\/\/radiozapatista.org\/index.php?rest_route=%2Fwp%2Fv2%2Fcomments&post=7268"}],"version-history":[{"count":0,"href":"https:\/\/radiozapatista.org\/index.php?rest_route=\/wp\/v2\/posts\/7268\/revisions"}],"wp:attachment":[{"href":"https:\/\/radiozapatista.org\/index.php?rest_route=%2Fwp%2Fv2%2Fmedia&parent=7268"}],"wp:term":[{"taxonomy":"category","embeddable":true,"href":"https:\/\/radiozapatista.org\/index.php?rest_route=%2Fwp%2Fv2%2Fcategories&post=7268"},{"taxonomy":"post_tag","embeddable":true,"href":"https:\/\/radiozapatista.org\/index.php?rest_route=%2Fwp%2Fv2%2Ftags&post=7268"}],"curies":[{"name":"wp","href":"https:\/\/api.w.org\/{rel}","templated":true}]}}