{"id":7245,"date":"2012-12-04T18:06:41","date_gmt":"2012-12-05T00:06:41","guid":{"rendered":"https:\/\/radiozapatista.org\/?p=7245"},"modified":"2012-12-04T18:06:41","modified_gmt":"2012-12-05T00:06:41","slug":"de-francisco-nos-acordamos-1-ano-dentro-las-paredes-del-calabozo-injusto","status":"publish","type":"post","link":"https:\/\/radiozapatista.org\/?p=7245","title":{"rendered":"De Francisco nos acordamos: 1 a\u00f1o dentro las paredes del calabozo injusto"},"content":{"rendered":"<p><\/p>\n<div style=\"text-align: right;\">DICIEMBRE 4, 2012<\/div>\n<div><\/div>\n<div><strong>Campa\u00f1a Internacional:<\/strong><\/div>\n<div><strong>\u201cEco Mundial en Apoyo a l@s Zapatistas\u201d<\/strong><\/div>\n<div><strong>De Francisco nos acordamos:<br \/>\n1 a\u00f1o dentro las paredes del calabozo injusto<\/strong><\/div>\n<div>Compa\u00f1eras y compa\u00f1eros:<\/div>\n<div>El d\u00eda 4 de diciembre del 2011, a las 12:00 horas, nuestro compa\u00f1ero Francisco S\u00e1ntiz L\u00f3pez fue privado de su libertad f\u00edsica por las fuerzas del mal gobierno de M\u00e9xico revanchista. Hoy cumple un a\u00f1o ah\u00ed.<\/p>\n<p>Su detenci\u00f3n, y el tiempo que ha permanecido tras las rejas, ha sido absolutamente injusta, ya que este base de apoyo zapatista, Francisco S\u00e1ntiz L\u00f3pez, nunca cometi\u00f3 ning\u00fan crimen. Adem\u00e1s de la detenci\u00f3n injusta, a trav\u00e9s de este a\u00f1o que \u00e9l ha vivido en la c\u00e1rcel, hemos visto pasar m\u00faltiples violaciones al debido proceso y otras irregularidades jur\u00eddicas en su caso.<\/p>\n<p>Pero as\u00ed es como funciona el llamado sistema de \u201cjusticia\u201d que controla a nuestro M\u00e9xico, que es usado por los de arriba para reprimir a l@s de abajo en movimiento.<\/p>\n<p>Francisco solo es culpable de luchar por la justicia, dignidad, y democracia. Y como Francisco mismo nos record\u00f3 en julio, mediante una carta desde la c\u00e1rcel, \u201cluchar es vivir.\u201d<\/p>\n<p>Hoy, l@s migrantes mexican@s de Movimiento por Justicia del Barrio, La Otra Campa\u00f1a Nueva York, invitamos a tod@s de todas partes a que recordemos esta verdad, a que le demos patas para que siga caminando sobre la tierra.<\/p>\n<p>En fin, las paredes que encierran a nuestro hermano Francisco no pueden con la memoria. Con el tiempo, toda pared se derrumba, pero la memoria de un pueblo que lucha con todo su ser por unir su dignidad, nunca tendr\u00e1 fin.<\/p>\n<\/div>\n<div>Hoy, invitamos a tod@s que sigamos construyendo esta memoria, continuando nuestras denuncias de su encarcelamiento injusto y expandiendo el alcance ya hist\u00f3rico y global de su inmediata liberaci\u00f3n.<\/div>\n<div>Aqu\u00ed pueden encontrar informacion sobre Francisco S\u00e1ntiz L\u00f3pez:<\/div>\n<div>http:\/\/sanmarcosaviles.wordpress.com\/francisco\/<\/div>\n<div>Aqu\u00ed esta el videomensaje de parte de l@s zapatistas sobre Francisco S\u00e1ntiz L\u00f3pez:<\/div>\n<div>http:\/\/www.youtube.com\/watch?v=NXuVyJ5YdfA&amp;feature=plcp<\/div>\n<div>Favor de seguir usandolos y compartiendo la verdad que contienen.<\/div>\n<div>\u00a1LIBERTAD Y JUSTICIA PARA FRANCISCO S\u00c1NTIZ L\u00d3PEZ!<br \/>\n\u00a1QUE VIVA EL EZLN!<br \/>\n\u00a1A TUMBAR LAS PAREDES DEL CALABOZO!<\/p>\n<p>Desde El Barrio, Nueva York.<br \/>\nMovimiento por Justicia del Barrio<br \/>\nLa Otra Campa\u00f1a Nueva York<\/p>\n<\/div>\n<p><\/p>","protected":false},"excerpt":{"rendered":"<p>DICIEMBRE 4, 2012 Campa\u00f1a Internacional: \u201cEco Mundial en Apoyo a l@s Zapatistas\u201d De Francisco nos acordamos: 1 a\u00f1o dentro las paredes del calabozo injusto Compa\u00f1eras y compa\u00f1eros: El d\u00eda 4 de diciembre del 2011, a las 12:00 horas, nuestro compa\u00f1ero Francisco S\u00e1ntiz L\u00f3pez fue privado de su libertad f\u00edsica por las fuerzas del mal gobierno [&hellip;]<\/p>\n","protected":false},"author":1,"featured_media":0,"comment_status":"open","ping_status":"open","sticky":false,"template":"","format":"standard","meta":{"footnotes":""},"categories":[51,183],"tags":[58,508,87],"class_list":["post-7245","post","type-post","status-publish","format-standard","hentry","category-autor","category-blog","tag-derechos-humanos","tag-francisco-santiz","tag-represion"],"_links":{"self":[{"href":"https:\/\/radiozapatista.org\/index.php?rest_route=\/wp\/v2\/posts\/7245","targetHints":{"allow":["GET"]}}],"collection":[{"href":"https:\/\/radiozapatista.org\/index.php?rest_route=\/wp\/v2\/posts"}],"about":[{"href":"https:\/\/radiozapatista.org\/index.php?rest_route=\/wp\/v2\/types\/post"}],"author":[{"embeddable":true,"href":"https:\/\/radiozapatista.org\/index.php?rest_route=\/wp\/v2\/users\/1"}],"replies":[{"embeddable":true,"href":"https:\/\/radiozapatista.org\/index.php?rest_route=%2Fwp%2Fv2%2Fcomments&post=7245"}],"version-history":[{"count":0,"href":"https:\/\/radiozapatista.org\/index.php?rest_route=\/wp\/v2\/posts\/7245\/revisions"}],"wp:attachment":[{"href":"https:\/\/radiozapatista.org\/index.php?rest_route=%2Fwp%2Fv2%2Fmedia&parent=7245"}],"wp:term":[{"taxonomy":"category","embeddable":true,"href":"https:\/\/radiozapatista.org\/index.php?rest_route=%2Fwp%2Fv2%2Fcategories&post=7245"},{"taxonomy":"post_tag","embeddable":true,"href":"https:\/\/radiozapatista.org\/index.php?rest_route=%2Fwp%2Fv2%2Ftags&post=7245"}],"curies":[{"name":"wp","href":"https:\/\/api.w.org\/{rel}","templated":true}]}}