{"id":7232,"date":"2012-12-03T20:10:04","date_gmt":"2012-12-04T02:10:04","guid":{"rendered":"https:\/\/radiozapatista.org\/?p=7232"},"modified":"2012-12-03T20:10:04","modified_gmt":"2012-12-04T02:10:04","slug":"organizaciones-civiles-nos-declaramos-en-alerta-por-violaciones-a-derechos-humanos-contra-manifestantes-el-1-de-diciembre-en-ciudad-de-mexico-y-guadalajara","status":"publish","type":"post","link":"https:\/\/radiozapatista.org\/?p=7232","title":{"rendered":"Organizaciones Civiles nos declaramos en alerta por violaciones a derechos humanos contra manifestantes el 1 de diciembre en Ciudad de M\u00e9xico y Guadalajara"},"content":{"rendered":"<p><a href=\"https:\/\/radiozapatista.org\/wp-content\/uploads\/2012\/12\/mujer-golpeada.jpg\"><img loading=\"lazy\" decoding=\"async\" src=\"https:\/\/radiozapatista.org\/wp-content\/uploads\/2012\/12\/mujer-golpeada-300x300.jpg\" alt=\"\" title=\"mujer golpeada\" width=\"300\" height=\"300\" class=\"aligncenter size-medium wp-image-7233\" srcset=\"https:\/\/radiozapatista.org\/wp-content\/uploads\/2012\/12\/mujer-golpeada-300x300.jpg 300w, https:\/\/radiozapatista.org\/wp-content\/uploads\/2012\/12\/mujer-golpeada-150x150.jpg 150w, https:\/\/radiozapatista.org\/wp-content\/uploads\/2012\/12\/mujer-golpeada.jpg 403w\" sizes=\"auto, (max-width: 300px) 100vw, 300px\" \/><\/a><\/p>\n<p>Expresamos un firme rechazo al uso desproporcionado de la fuerza por parte de agentes estatales. Si hubo delitos en manifestaciones se debe respetar debido proceso de imputados.<br \/>\n\u00b7         Hemos podido constatar m\u00faltiples abusos en las detenciones de las y los manifestantes con la finalidad aparente de reprimir no s\u00f3lo la comisi\u00f3n de delitos, sino el leg\u00edtimo derecho a la protesta social que poseemos todas y todos los ciudadanos de este pa\u00eds.<br \/>\n\u00b7         Hacemos un llamado a los actores estatales a presentar a todas y todos los detenidos p\u00fablicamente, permitiendo el contacto con sus familiares y defensores para que puedan constatar el estado en el que se encuentran.<\/p>\n<p>M\u00e9xico D.F. a 03 de noviembre de 2012. Los hechos acontecidos a lo largo de la jornada del d\u00eda 1 de diciembre y las acciones realizadas por parte de los cuerpos de seguridad federales y de distintos Estados de la Rep\u00fablica constituyen un fuerte llamado de atenci\u00f3n a la sociedad mexicana. Las organizaciones civiles que signamos el presente comunicado nos declaramos en alerta ante la gravedad de los hechos ocurridos y nos coordinamos para poderlos documentar eficazmente.<\/p>\n<p>En virtud de la informaci\u00f3n con que contamos hasta ahora, expresamos en primer lugar un firme rechazo al uso desproporcionado de la fuerza por parte de agentes estatales. De la misma manera estamos conscientes que muchas de las acciones de las personas y colectivos que protestaron pueden constituir delitos, como las agresiones a los establecimientos sucedidos ese d\u00eda, as\u00ed como a los cuerpos policiacos. Todo acto que se pueda encuadrar en esta categor\u00eda debe de ser tratado respetando los derechos humanos, especialmente los relacionados con el debido proceso, evitando valoraciones descontextualizadas que tiendan a criminalizar el derecho a la protesta.<\/p>\n<p>Queremos hacer p\u00fablico que hemos podido constatar m\u00faltiples abusos en las detenciones de las y los manifestantes. Hay casos registrados de varias personas heridas por el arsenal de las fuerzas polic\u00edacas en los diferentes enfrentamientos para disolver y dispersar las manifestaciones. Es fundamental recordar que las acciones estatales deben de estar guiadas en todo momento por protocolos de uso proporcional de la fuerza que fueron claramente rebasados con la finalidad aparente de reprimir no s\u00f3lo la comisi\u00f3n de delitos, sino el leg\u00edtimo derecho a la protesta social que poseemos todas y todos los ciudadanos de este pa\u00eds.<\/p>\n<p>Entre los casos m\u00e1s graves que hemos podido conocer est\u00e1n los de Francisco Kuykendall, Uriel Sandoval y Carlos Valdivia, quienes habr\u00edan resultado gravemente heridos, pero existen muchos otros casos de heridos graves, detenciones arbitrarias, as\u00ed como de abusos contra los manifestantes, especialmente en la Ciudad de M\u00e9xico y Guadalajara, que est\u00e1n en proceso de documentaci\u00f3n. Esta situaci\u00f3n se agrava con la decisi\u00f3n anunciada por parte del Gobierno del Distrito Federal de fincarles cargos graves por  por el delito de ataques a la paz p\u00fablica en pandilla, el cual puede alcanzar una pena de cinco hasta 30 a\u00f1os de prisi\u00f3n.<\/p>\n<p>En la Ciudad de Guadalajara, Jalisco, las organizaciones sociales emitieron un comunicado urgente denunciando 24 detenciones, as\u00ed como 40 manifestantes heridos, incluso, algunos j\u00f3venes fueron detenidos horas despu\u00e9s de dispersada la manifestaci\u00f3n En este caso se destaca por parte de las organizaciones civiles la presencia de presuntos agentes encubiertos y elementos de seguridad privada de la Feria Internacional del Libro quienes lanzaron piedras y botellas a los manifestantes con la finalidad de provocarlos.<\/p>\n<p>De la misma manera tenemos referencias de que en distintas partes del pa\u00eds hubo acciones de protesta por lo que nos mantenemos alerta ante nuevas denuncias que pudiesen surgir.<\/p>\n<p>Hacemos un  llamado a la calma y la prudencia de la sociedad, pero tambi\u00e9n a las autoridades federales, del DF y de Jalisco  para garantizar el debido proceso de las y los detenidos evitando acciones que puedan atentar contra sus derechos, presentando a todas y todos p\u00fablicamente, permitiendo el contacto con sus familiares y defensores para que puedan constatar el estado en el que se encuentran. Asimismo a esclarecer qui\u00e9nes son los autores materiales e intelectuales de los hechos, teniendo en cuenta que hay indicios que hubo gente \u201cprovocadora\u201d en medio de las manifestaciones e investigar y castigar los abusos de las autoridades en contra de manifestantes. Recalcamos especialmente la obligaci\u00f3n estatal para respetar  los derechos de todas y todos los menores de edad remitidos a las agencias especiales.<\/p>\n<p>Es obligaci\u00f3n del Estado esclarecer los hechos e informar a las  personas sobre lo que en realidad pas\u00f3.<\/p>\n<p>Atentamente,<\/p>\n<p>Centro de Derechos Humanos Agust\u00edn Pro Ju\u00e1rez A.C<br \/>\nRed Nacional de Organismos Civiles de Derechos Humanos Todos los Derechos para Todas y Todos conformada por 73 organizaciones en 21 estados de la Rep\u00fablica: Agenda LGBT (Estado de M\u00e9xico), Asistencia Legal por los Derechos Humanos, A.C. (Distrito Federal); Asociaci\u00f3n Jalisciense de Apoyo a los Grupos Ind\u00edgenas, A.C. (Guadalajara, Jal.); Asociaci\u00f3n para la Defensa de los Derechos Ciudadanos &#8220;Miguel Hidalgo&#8221;, A.C. (Jacala, Hgo.); Casa del Migrante Saltillo (Coahuila), Cat\u00f3licas por el Derecho a Decidir, A.C. (Distrito Federal); Centro \u201cFray Juli\u00e1n Garc\u00e9s\u201d Derechos Humanos y Desarrollo Local, A. C. (Tlaxcala, Tlax.); Centro de Apoyo al Trabajador, A.C. (Puebla, Pue.); Centro de Derechos Humanos &#8220;Fray Bartolom\u00e9 de Las Casas&#8221;, A. C. (San Crist\u00f3bal de Las Casas, Chis) ; Centro de Derechos Humanos Digna Ochoa A.C; Centro de Derechos Humanos &#8220;Fray Francisco de Vitoria O.P.&#8221;, A. C. (Distrito Federal); Centro de Derechos Humanos &#8220;Miguel Agust\u00edn Pro Ju\u00e1rez&#8221;, A. C. (Distrito Federal); Centro de Derechos Humanos \u201cDon Sergio\u201d (Jiutepec, Mor.); Centro de Derechos Humanos \u201cFray Mat\u00edas de C\u00f3rdova\u201d. A.C. (Tapachula, Chis); Centro de Derechos Humanos de la Monta\u00f1a, Tlachinollan, A. C. (Tlapa, Gro.); Centro de Derechos Humanos de las Mujeres (Chihuahua), Centro de Derechos Humanos, \u201cJuan Gerardi\u201d , A. C. (Torre\u00f3n, Coah.); Centro de Derechos Humanos Paso del Norte (Cd. Ju\u00e1rez); Centro de Derechos Humanos Victoria Diez, A.C. (Le\u00f3n, Gto.); Centro de Derechos Ind\u00edgenas \u201cFlor y Canto\u201d, A. C. (Oaxaca, Oax.); Centro de Derechos Humanos Toaltepeyolo (Tlilapan, Veracruz); Centro de Derechos Ind\u00edgenas A. C. (Bachaj\u00f3n, Chis.); Centro de los Derechos del Migrante (DF); Centro de Justicia para la Paz y el Desarrollo, A. C. (CEPAD) (Guadalajara, Jal.); Centro de Reflexi\u00f3n y Acci\u00f3n Laboral (CEREAL-DF) (Distrito Federal); Centro de Reflexi\u00f3n y Acci\u00f3n Laboral (CEREAL-Guadalajara) (Guadalajara, Jal.); Centro Diocesano para los Derechos Humanos \u201cFray Juan de Larios\u201d,A.C. (Saltillo, Coah.); Centro Juvenil Generando Dignidad (Comalcalco, Tabasco); Centro Hermanas Mirabal de Derechos Humanos (Le\u00f3n, Gto.), Centro Mexicano de Derecho Ambiental (Distrito Federal), Centro Mujeres (La Paz, BC.), Centro Regional de Defensa de DDHH Jos\u00e9 Mar\u00eda Morelos y Pav\u00f3n, A. C. (Chilapa, Gro.); Centro Regional de Derechos Humanos \u201cBartolom\u00e9 Carrasco\u201d, A. C. (Oaxaca, Oax.); Ciencia Social Alternativa, A.C. &#8211; KOOKAY (M\u00e9rida, Yuc.); Ciudadan\u00eda Lagunera por los Derechos Humanos, A. C. (CILADHAC) (Torre\u00f3n, Coah.); Ciudadanos en Apoyo a los Derechos Humanos, A. C. (Monterrey, NL); Colectivo Educaci\u00f3n para la Paz y los Derechos Humanos, A.C. (San Crist\u00f3bal de Las Casas, Chis.); Colectivo contra la Tortura y la Impunidad (Distrito Federal); Comit\u00e9 Cerezo (Distrito Federal); Comisi\u00f3n de Derechos Humanos y Laborales del Valle de Tehuac\u00e1n, A.C. (Tehuacan, Pue.); Comisi\u00f3n de Solidaridad y Defensa de los Derechos Humanos, A. C. (Chihuahua, Chih.); Comisi\u00f3n Independiente de Derechos Humanos de Morelos, A. C. (CIDHMOR) (Cuernavaca, Mor.); Comisi\u00f3n Intercongregacional &#8220;Justicia, Paz y Vida&#8221; (Distrito Federal); Comisi\u00f3n Parroquial de Derechos Humanos \u201cMart\u00edn de Tours\u201d, A.C. (Texmelucan, Pue.); Comisi\u00f3n Regional de Derechos Humanos &#8220;Mahatma Gandhi&#8221;, A. C. (Tuxtepec, Oax.); Comit\u00e9 de Defensa Integral de Derechos Humanos Gobixha A.C.(Codigodh A.C); Comit\u00e9 de Defensa de las Libertades Ind\u00edgenas (Palenque, Chis.); Comit\u00e9 de Derechos Humanos Ajusco (Distrito Federal); Comit\u00e9 de Derechos Humanos &#8220;Fr. Pedro Lorenzo de la Nada&#8221;, A. C. (Ocosingo, Chis.); Comit\u00e9 de Derechos Humanos &#8220;Sembrador de la Esperanza&#8221;. A. C. (Acapulco, Gro.); Comit\u00e9 de Derechos Humanos \u201cSierra Norte de Veracruz\u201d, AC. 4 (Huayacocotla, Ver.); Comit\u00e9 de Derechos Humanos de Colima, No gubernamental, A. C. (Colima, Col.); Comit\u00e9 de Derechos Humanos de Comalcalco, A. C. (Comalcalco, Tab); Comit\u00e9 de Derechos Humanos de Tabasco, A. C. (Villahermosa, Tab); Comit\u00e9 de Derechos Humanos y Orientaci\u00f3n Miguel Hidalgo, A. C. (Dolores Hidalgo, Gto.); Comit\u00e9 Sergio M\u00e9ndez Arceo Pro Derechos Humanos de Tulancingo, Hgo AC (Tulancingo, Hgo.); El Caracol A.C (Distrito Federal); Frente C\u00edvico Sinaloense. Secretar\u00eda de Derechos Humanos. (Culiac\u00e1n, Sin.); Indignaci\u00f3n, A. C. Promoci\u00f3n y Defensa de los Derechos Humanos (Chablekal, comisar\u00eda del municipio de M\u00e9rida, Yuc.); Iniciativas para la Identidad y la Inclusi\u00f3n A.C. (Distrito Federal); Instituto Guerrerense de Derechos Humanos, A. C. (Chilpancingo, Gro.); Instituto Mexicano de Derechos Humanos y Democracia (Distrito Federal); Instituto Mexicano para el Desarrollo Comunitario, A. C. (IMDEC), (Guadalajara, Jal.); Instituto Tecnol\u00f3gico y de Estudios Superiores de Occidente, &#8211; Programa Institucional de Derechos Humanos y Paz. (Guadalajara, Jal.); Oficina de Defensor\u00eda de los Derechos de la Infancia A.C. (Distrito Federal), Programa de Derechos Humanos. Universidad Iberoamericana- Puebla (Puebla, Pue); Programa Universitario de Derechos Humanos. UIA \u2013Le\u00f3n (Le\u00f3n, Gto.); Proyecto de Derechos Econ\u00f3micos, Sociales Y Culturales (Distrito Federal); Proyecto sobre Organizaci\u00f3n, Desarrollo, Educaci\u00f3n e Investigaci\u00f3n (Distrito Federal); Promoci\u00f3n de los Derechos Econ\u00f3micos, Sociales y Culturales (Estado de M\u00e9xico); Respuesta Alternativa, A. C. Servicio de Derechos Humanos y Desarrollo Comunitario (San Luis Potos\u00ed, S.L.P.); Servicio, Paz y Justicia de Tabasco, A.C. (Villahermosa, Tab.); Servicios de Inclusi\u00f3n Integral, A.C. (Pachuca, Hidalgo); Taller Universitario de Derechos Humanos, A. C. (Distrito Federal).<br \/>\nENLACE, Comunicaci\u00f3n y Capacitaci\u00f3n A.C.<br \/>\nUniversidad de la Tierra en Puebla<br \/>\nColectivo Utop\u00eda Puebla<br \/>\nCecilia Zeled\u00f3n<br \/>\nFundar<br \/>\nDiversidades y No Discriminaci\u00f3n, AC<br \/>\nAsociaci\u00f3n Civil Luna del Sur<br \/>\nRed Solidaria D\u00e9cada Contra la Impunidad A.C.<br \/>\nAsociaci\u00f3n para el Desarrollo Integral de Personas Violadas, A. C<br \/>\nNodo de Derechos Humanos<br \/>\nEspacio Iberoamericano de la Juventud,<br \/>\nElige, Red de J\u00f3venes por los Derechos Sexuales y Reproductivos.<br \/>\nRed Latinoamericana y Caribe\u00f1a por los Derechos Sexuales y Reproductivos.<br \/>\nFrida, Young Feminist Fund<br \/>\nAcci\u00f3n Urgente para Defensores de los Derechos Humanos AC. (ACUDDEH)<br \/>\nTianguis Ind\u00edgena Multicultura, A.C.<br \/>\nComisi\u00f3n Ciudadana de Derechos Humanos del Noroeste, A.C<br \/>\nInstituto de Asistencia Integral,A.C. fray Julian Cruzalta<br \/>\nRed de Mujeres y Hombres por una Opini\u00f3n P\u00fablica con Perspectiva de G\u00e9nero en Campeche<br \/>\nColectivo Alas<br \/>\nCentro de Estudios Ecum\u00e9nicos, AC<br \/>\nAsociadas por los Justo<br \/>\nPacto Morelos por la Soberan\u00eda Alimentaria y Energ\u00e9tica.<br \/>\nLa comisi\u00f3n de Tehuac\u00e1n<br \/>\nObservatorio Eclesial.<br \/>\nRed por los derechos de la infancia en M\u00e9xico REDIM<br \/>\nIniciativas para el Desarrollo de la Mujer Oaxaque\u00f1a AC (IDEMO)<br \/>\nRed de G\u00e9nero y Medio Ambiente<br \/>\nLa Red Nacional de comunicaci\u00f3n y acci\u00f3n urgente de Defensoras de Derechos Humanos en M\u00e9xico: AgnieszkaRaczynska, (secretaria ejecutiva de la Red Nacional de Organismos Civiles de Derechos Humanos \u201cTodos los Derechos para Todas y Todos\u201d), Alejandra Vela Garza (Alternativas Pacificas, Monterrey), Alicia Leal Puerta (Alternativas Pac\u00edficas, DF), Aline Castellanos  (Oaxaca),Ana Karen L\u00f3pez Quintana (Tamaulipas Diversidad VihdaTrans, Tamaulipas), Ana Mar\u00eda Hern\u00e1ndez (Consorcio para el Di\u00e1logo Parlamentario y la Equidad Oaxaca, Oaxaca), AnaliaPenchaszadeh (AWID), Alejandra Ancheita (Prodesc, DF), Alba Cruz (Oaxaca), Ang\u00e9lica Araceli Reveles  (CLADEM-M\u00e9xico), Beatriz Casas (Oaxaca), Beatriz Hern\u00e1ndez Bautista (Circulo Profesional para la Formacion con Equidad de G\u00e9nero !Nduva Ndandi!), Blanca Mart\u00ednez (Centro Diocesano para los Derechos Humanos \u201cFray Juan de Larios\u201d, Coahulia), Blanca Mesina (CMDPDH, Baja California Norte), Blanca Vel\u00e1zquez (Centro de Apoyo al Trabajador, Puebla), Carolina Cantu (Coordinadora Guerrerense de Mujeres Indigenas y afromexicanas, Guerrero), Cecilia Espinosa Mart\u00ednez (Red Mesa de Mujeres de Cd. Ju\u00e1rez, Cd. Ju\u00e1rez), Cecilia Oyorzabal G\u00f3mez (Timomatchtikan, Centro de Asesor\u00eda y Desarrollo entre Mujeres, Casa de la Mujer Ind\u00edgena, Red Nacional de Asesoras y Promotoras Rurales, Puebla), Clara G. Meyra Segura (Coordinaci\u00f3n general del Centro de Derechos Humanos &#8220;Fr. Francisco de Vitoria O.P.&#8221; A.C.),Claudia \u00c1ngel (Mujeres Ind\u00edgenas por Ciarena, A.C.), Clemencia Correa (Consultora, DF), Cirenia Celestino Ortega (CIMAC,DF), Consuelo Morales  (CADHAC, Nuevo Le\u00f3n), Cristina Cruz L\u00f3pez (Centro Regional de Derechos Humanos Bartolom\u00e9 Carrasco \u201cBarca\u201d, Oaxaca), Cristina Hard\u00e1ga (Tlachinollan, Guerrero), Daptnhe Cuevas (Consorcio para el Di\u00e1logo Parlamentario y la Equidad), Diana Dami\u00e1n (FOCA, Chiapas), Dolores Gonz\u00e1lez  (SERAPAZ, DF), Dora \u00c1vila (Centro para los derechos de la Mujer N\u00e4\u00e4xwiin), Edita Alav\u00e9s (Mujeres Organizadas Yuubani, Oaxaca),  Elga Aguilar (Comit\u00e9 Cerezo, DF), Emelia Ortiz (Campa\u00f1a Si no est\u00e1n ellas no estamos todas, Oaxaca), Emilia Gonz\u00e1lez (Comisi\u00f3n de Solidaridad y Defensa DDHH), Felicitas Mart\u00ednez Solano (coordinadora Regional de Autoridades Comunitarias polic\u00eda comunitaria, Guerrero), Georgina Vargas Vera (CDH Victoria Diez, Guanajuato), Guadalupe L\u00f3pez (Lesbianas en Patlatonalli, Jalisco), IcelaJaimes (Encargada del \u00e1rea de difusi\u00f3n del Colectivo Ra\u00edz de Aguascalientes), Ileana Espinoza  (Red Mesa de Mujeres de Ciudad Ju\u00e1rez), Imelda Marrufo (Red Mesa de Mujeres de Cd. Ju\u00e1rez, Cd. Ju\u00e1rez), Irma Estrada Mart\u00ednez  (Tribunal Internacional de Conciencia, DF), Ixchel Carrasco Arias (Enlace Comunicaci\u00f3n y Capacitaci\u00f3n, Guerrero), Josefina Ch\u00e1vez (Cuadernos Feministas, DF), Laura Carlsen (Programa de las Am\u00e9ricas, DF), Laura Garc\u00eda (Semillas, DF), Laura Guti\u00e9rrez (Mujeres Unidas: Olympia de Gouges, Baja California), Laura Vel\u00e1zquez (JASS, DF),Leticia Burgos (Red Feminista Sonorense, Sonora), Lidia Alpizar (AWID), Lucia Lagun\u00e9s Huerta (M\u00e9xico), Lupita Ramos Ponce (CLADEM-M\u00e9xico), Luz Estela Castro (Centro de Derechos Humanos de las Mujeres, Chihuahua), Mal\u00fa Garc\u00eda Andrade (Defensora de Derechos Humanos, Nuestras Hija de Regreso a Casa), Margarita Guadalupe Mart\u00ednez (Chiapas), Mar\u00eda Elena Tapia V\u00e1zquez (C\u00f3digo DH, Oaxaca), Mar\u00eda Rosa Guzm\u00e1n Valdez (Red de Promotoras de Derechos Humanos de las Mujeres Ind\u00edgenas en el Estado Jalisco, Jalisco), Mar\u00eda Trinidad Ram\u00edrez (Frente de Pueblos en Defensa de la Tierra, Atenco), Martha Figueroa (Colem, Chiapas), Martha Graciela Ramos (Mujeres por M\u00e9xico en Chihuahua, Chihuahua), Martha P\u00e9rez Pineda (Frente de Pueblos en Defensa de la Tierra, Atenco), Martha S\u00e1nchez Nestor (Red de Mujeres Guerrerenses), Marusia L\u00f3pez (JASS-Mesoam\u00e9rica), Minerva Nora Mart\u00ednez (BARCA, Oaxaca), Montserrat D\u00edaz (Colectivo Feminista de Xalapa, Veracruz), Nadia Altamirano (CIMAC, Oaxaca), Nadia Maciel (Guerrero), Nadin Reyes (Comit\u00e9 de Familiares de Detenidos &#8211; Desaparecidos \u201cHasta Encontrarlos\u201d, DF), Nora Bucio (CIMAC, Morelos), Obtilia Eugenio Manuel (Organizaci\u00f3n del Pueblo Ind\u00edgena Me\u2019phaa, Guerrero), Ofelia Ces\u00e1reo S\u00e1nchez (Coordinadora Guerrerense de Mujeres Ind\u00edgenas y Afromexicanas, Guerrero), Orfe Castillo (JASS-Mesoam\u00e9rica), Sandra Peniche (Servicios Humanitarios en Salud Sexual y Reproductiva, Yucat\u00e1n), Sara M\u00e9ndez  (C\u00f3digo DH, Oaxaca), Sandra Torres Pastrana (Red Defensoras M\u00e9xico, Consorcio, Oaxaca), Silvia Castillo Salgado (Instituto Guerrerense de Derechos Humanos, Guerrero), Silvia P\u00e9rez Yescas (Mujeres Ind\u00edgenas por Ciarena, A.C.), Silvia V\u00e1zquez  (CMDPDH, Baja California Norte), Teresa Emeterio Mart\u00ednez (Oaxaca), TheresHoechli (Consorcio para el Di\u00e1logo Parlamentario y la Equidad Oaxaca, Oaxaca), Ver\u00f3nica Corchado (Colectiva: arte, comunidad y equidad, Grupo Articulaci\u00f3n Justicia en Ju\u00e1rez, Cd. Ju\u00e1rez), Ver\u00f3nica Cruz (Las Libres, Guanajuato), Ximena Andi\u00f3n (EQUIS: Justicia para las Mujeres), Ximena Cortez  (Rosas Chillante, DF), X\u00f3chitl Ram\u00edrez (Yotlakat Non Siwatl, Atzin Desarrollo Comunitario, Guerrero), Yanimiriam Valdez Baca (Centro de Derechos Humanos de las Mujeres, Chihuahua), Yenis Bernardino Rosendo (Guerrero), Yesica S\u00e1nchez Maya (Consorcio para el Di\u00e1logo Parlamentario y la Equidad Oaxaca, Oaxaca), Yunuhen Rangel Medina (Cimac, DF).<br \/>\n#Yosoy132 Guadalajara<br \/>\n#YoSoy132 Puerto Vallarta<br \/>\nServicios de Asesor\u00eda para la Paz,  SERAPAZ<br \/>\nCentro de Derechos Humanos Zeferino Ladrillero<br \/>\nColectivo de Abogados de Guadalajara<br \/>\n El Centro de Orientaci\u00f3n y Asesor\u00eda a Pueblos Ind\u00edgenas<br \/>\nUni\u00f3n Campesina Zapatista del Sur (UCAZS)<br \/>\nAlianza \u00danica del Valle<br \/>\nCentro Agroecol\u00f3gico Tabachi AC<br \/>\nFrente Amplio contra la Imposici\u00f3n Jalisco<br \/>\nAsociaci\u00f3n Mundial de Radios Comunitarias M\u00e9xico (AMARC)<br \/>\nCentro Nacional de Comunicaci\u00f3n Social (CENCOS)<br \/>\nGDL en bici A.C.<br \/>\nFemibici de Guadalajara<br \/>\nConsejo Nacional de Organizaciones Campesinas, CONOC<br \/>\nMAIZ,  Movimiento Agrario Ind\u00edgena Zapatista<br \/>\nCasa de los Derechos de Periodistas<br \/>\nPropuesta C\u00edvica<\/p>\n<p><\/p>","protected":false},"excerpt":{"rendered":"<p>Expresamos un firme rechazo al uso desproporcionado de la fuerza por parte de agentes estatales. Si hubo delitos en manifestaciones se debe respetar debido proceso de imputados. \u00b7 Hemos podido constatar m\u00faltiples abusos en las detenciones de las y los manifestantes con la finalidad aparente de reprimir no s\u00f3lo la comisi\u00f3n de delitos, sino el [&hellip;]<\/p>\n","protected":false},"author":1,"featured_media":0,"comment_status":"open","ping_status":"open","sticky":false,"template":"","format":"standard","meta":{"footnotes":""},"categories":[51,183],"tags":[595,58,593,87],"class_list":["post-7232","post","type-post","status-publish","format-standard","hentry","category-autor","category-blog","tag-1dmx","tag-derechos-humanos","tag-enrique-pena-nieto","tag-represion"],"_links":{"self":[{"href":"https:\/\/radiozapatista.org\/index.php?rest_route=\/wp\/v2\/posts\/7232","targetHints":{"allow":["GET"]}}],"collection":[{"href":"https:\/\/radiozapatista.org\/index.php?rest_route=\/wp\/v2\/posts"}],"about":[{"href":"https:\/\/radiozapatista.org\/index.php?rest_route=\/wp\/v2\/types\/post"}],"author":[{"embeddable":true,"href":"https:\/\/radiozapatista.org\/index.php?rest_route=\/wp\/v2\/users\/1"}],"replies":[{"embeddable":true,"href":"https:\/\/radiozapatista.org\/index.php?rest_route=%2Fwp%2Fv2%2Fcomments&post=7232"}],"version-history":[{"count":0,"href":"https:\/\/radiozapatista.org\/index.php?rest_route=\/wp\/v2\/posts\/7232\/revisions"}],"wp:attachment":[{"href":"https:\/\/radiozapatista.org\/index.php?rest_route=%2Fwp%2Fv2%2Fmedia&parent=7232"}],"wp:term":[{"taxonomy":"category","embeddable":true,"href":"https:\/\/radiozapatista.org\/index.php?rest_route=%2Fwp%2Fv2%2Fcategories&post=7232"},{"taxonomy":"post_tag","embeddable":true,"href":"https:\/\/radiozapatista.org\/index.php?rest_route=%2Fwp%2Fv2%2Ftags&post=7232"}],"curies":[{"name":"wp","href":"https:\/\/api.w.org\/{rel}","templated":true}]}}