{"id":723,"date":"2008-08-04T21:00:17","date_gmt":"2008-08-05T02:00:17","guid":{"rendered":"https:\/\/radiozapatista.org\/?p=723"},"modified":"2017-07-03T18:29:36","modified_gmt":"2017-07-03T23:29:36","slug":"caravana-nacional-e-internacional-de-observacion-y-solidaridad-con-las-comunidades-zapatistas-2","status":"publish","type":"post","link":"https:\/\/radiozapatista.org\/?p=723","title":{"rendered":"Caravana nacional e internacional de observaci\u00f3n y solidaridad con las comunidades zapatistas"},"content":{"rendered":"<p>Escucha en espa\u00f1ol: [podcast]https:\/\/radiozapatista.org\/Audios\/caravana_garrucha.mp3[\/podcast]<\/p>\n<p>Listen in English: [podcast]https:\/\/radiozapatista.org\/Audios\/caravana_garruchaEng.mp3[\/podcast]<\/p>\n<p>El Subcomandante Insurgente Marcos y el Teniente Coronel Insurgente  Mois\u00e9s reciben a la          Caravana nacional e internacional de  observaci\u00f3n y solidaridad con las comunidades zapatistas,         en el  caracol de La Garrucha, y les hablan sobre la historia del zapatismo, la  posici\u00f3n del         EZLN frente al poder y la construcci\u00f3n de la  autonom\u00eda.<\/p>","protected":false},"excerpt":{"rendered":"<p>Escucha en espa\u00f1ol: [podcast]https:\/\/radiozapatista.org\/Audios\/caravana_garrucha.mp3[\/podcast] Listen in English: [podcast]https:\/\/radiozapatista.org\/Audios\/caravana_garruchaEng.mp3[\/podcast] El Subcomandante Insurgente Marcos y el Teniente Coronel Insurgente Mois\u00e9s reciben a la Caravana nacional e internacional de observaci\u00f3n y solidaridad con las comunidades zapatistas, en el caracol de La Garrucha, y les hablan sobre la historia del zapatismo, la posici\u00f3n del EZLN frente al poder y [&hellip;]<\/p>\n","protected":false},"author":1,"featured_media":0,"comment_status":"open","ping_status":"open","sticky":false,"template":"","format":"standard","meta":{"footnotes":""},"categories":[1,957,6,955,190],"tags":[79,917,926,27],"class_list":["post-723","post","type-post","status-publish","format-standard","hentry","category-audio","category-autonomia","category-chiapas","category-ezln-temas","category-radiozapatista","tag-autonomia","tag-chiapas","tag-ezln","tag-solidaridad"],"_links":{"self":[{"href":"https:\/\/radiozapatista.org\/index.php?rest_route=\/wp\/v2\/posts\/723","targetHints":{"allow":["GET"]}}],"collection":[{"href":"https:\/\/radiozapatista.org\/index.php?rest_route=\/wp\/v2\/posts"}],"about":[{"href":"https:\/\/radiozapatista.org\/index.php?rest_route=\/wp\/v2\/types\/post"}],"author":[{"embeddable":true,"href":"https:\/\/radiozapatista.org\/index.php?rest_route=\/wp\/v2\/users\/1"}],"replies":[{"embeddable":true,"href":"https:\/\/radiozapatista.org\/index.php?rest_route=%2Fwp%2Fv2%2Fcomments&post=723"}],"version-history":[{"count":0,"href":"https:\/\/radiozapatista.org\/index.php?rest_route=\/wp\/v2\/posts\/723\/revisions"}],"wp:attachment":[{"href":"https:\/\/radiozapatista.org\/index.php?rest_route=%2Fwp%2Fv2%2Fmedia&parent=723"}],"wp:term":[{"taxonomy":"category","embeddable":true,"href":"https:\/\/radiozapatista.org\/index.php?rest_route=%2Fwp%2Fv2%2Fcategories&post=723"},{"taxonomy":"post_tag","embeddable":true,"href":"https:\/\/radiozapatista.org\/index.php?rest_route=%2Fwp%2Fv2%2Ftags&post=723"}],"curies":[{"name":"wp","href":"https:\/\/api.w.org\/{rel}","templated":true}]}}