{"id":7217,"date":"2012-12-02T09:36:38","date_gmt":"2012-12-02T15:36:38","guid":{"rendered":"https:\/\/radiozapatista.org\/?p=7217"},"modified":"2012-12-02T09:36:38","modified_gmt":"2012-12-02T15:36:38","slug":"boletin-informativo-sobre-el-companero-francisco-kuykendall-leal","status":"publish","type":"post","link":"https:\/\/radiozapatista.org\/?p=7217","title":{"rendered":"Bolet\u00edn informativo sobre el compa\u00f1ero Francisco Kuykendall Leal"},"content":{"rendered":"<p>Compa\u00f1eros y compa\u00f1eras:<\/p>\n<p>Compartimos la siguiente informaci\u00f3n sobre el compa\u00f1ero Francisco Kuykendall Leal. Para evitar confusiones informativas y tener informaci\u00f3n certera nos hemos comunicado con sus familiares y nos han autorizado difundirla.<\/p>\n<p>El compa\u00f1ero se encuentra en la Cruz Roja de Polanco y ya fue intervenido quir\u00fargicamente. El m\u00e9dico informa que su herida es en la parte frontal derecha de su cabeza, y se encontr\u00f3 p\u00f3lvora en su cr\u00e1neo. Lo mantienen en un coma inducido y, depende de c\u00f3mo reaccione, en 72 horas podr\u00eda ser trasladado a alg\u00fan hospital para mantenerlo en cuidados intensivos.<\/p>\n<p>Manteng\u00e1monos atentos, denunciemos y solidaric\u00e9monos con nuestro compa\u00f1ero Kuy y\u00a0\u00a0su familia.<\/p>\n<p><strong>Contra el despojo y la represi\u00f3n\u2026<\/strong><\/p>\n<p><strong>la solidaridad\u2026<\/strong><\/p>\n<p><strong>Red Contra la Represi\u00f3n y por la Solidaridad<\/strong><\/p>\n<p><strong>(RvsR)<\/strong><\/p>","protected":false},"excerpt":{"rendered":"<p>Compa\u00f1eros y compa\u00f1eras: Compartimos la siguiente informaci\u00f3n sobre el compa\u00f1ero Francisco Kuykendall Leal. Para evitar confusiones informativas y tener informaci\u00f3n certera nos hemos comunicado con sus familiares y nos han autorizado difundirla. El compa\u00f1ero se encuentra en la Cruz Roja de Polanco y ya fue intervenido quir\u00fargicamente. El m\u00e9dico informa que su herida es en [&hellip;]<\/p>\n","protected":false},"author":1,"featured_media":0,"comment_status":"open","ping_status":"open","sticky":false,"template":"","format":"standard","meta":{"footnotes":""},"categories":[183],"tags":[58,593,214,87,27],"class_list":["post-7217","post","type-post","status-publish","format-standard","hentry","category-blog","tag-derechos-humanos","tag-enrique-pena-nieto","tag-rvsr","tag-represion","tag-solidaridad"],"_links":{"self":[{"href":"https:\/\/radiozapatista.org\/index.php?rest_route=\/wp\/v2\/posts\/7217","targetHints":{"allow":["GET"]}}],"collection":[{"href":"https:\/\/radiozapatista.org\/index.php?rest_route=\/wp\/v2\/posts"}],"about":[{"href":"https:\/\/radiozapatista.org\/index.php?rest_route=\/wp\/v2\/types\/post"}],"author":[{"embeddable":true,"href":"https:\/\/radiozapatista.org\/index.php?rest_route=\/wp\/v2\/users\/1"}],"replies":[{"embeddable":true,"href":"https:\/\/radiozapatista.org\/index.php?rest_route=%2Fwp%2Fv2%2Fcomments&post=7217"}],"version-history":[{"count":0,"href":"https:\/\/radiozapatista.org\/index.php?rest_route=\/wp\/v2\/posts\/7217\/revisions"}],"wp:attachment":[{"href":"https:\/\/radiozapatista.org\/index.php?rest_route=%2Fwp%2Fv2%2Fmedia&parent=7217"}],"wp:term":[{"taxonomy":"category","embeddable":true,"href":"https:\/\/radiozapatista.org\/index.php?rest_route=%2Fwp%2Fv2%2Fcategories&post=7217"},{"taxonomy":"post_tag","embeddable":true,"href":"https:\/\/radiozapatista.org\/index.php?rest_route=%2Fwp%2Fv2%2Ftags&post=7217"}],"curies":[{"name":"wp","href":"https:\/\/api.w.org\/{rel}","templated":true}]}}