{"id":7215,"date":"2012-12-02T09:29:23","date_gmt":"2012-12-02T15:29:23","guid":{"rendered":"https:\/\/radiozapatista.org\/?p=7215"},"modified":"2012-12-02T09:29:23","modified_gmt":"2012-12-02T15:29:23","slug":"condena-de-la-rvsr-a-los-actos-represivos-de-enrique-pena-nieto-y-contra-la-agresion-a-francisco-kuykendall","status":"publish","type":"post","link":"https:\/\/radiozapatista.org\/?p=7215","title":{"rendered":"Condena de la RvsR a los actos represivos de Enrique Pe\u00f1a Nieto y contra la agresi\u00f3n a Francisco Kuykendall"},"content":{"rendered":"<p>No ha pasado ni 24 horas en que Enrique Pe\u00f1a Nieto tom\u00f3 posesi\u00f3n como presidente cuando ha demostrado lo que es: un criminal La brutal represi\u00f3n contra estudiantes, trabajadores, contra los manifestantes que se encontraban en las inmediaciones del Congreso de la Uni\u00f3n y del Centro Hist\u00f3rico de la Ciudad de M\u00e9xico, as\u00ed lo demuestra.<\/p>\n<p>Hay detenidos, hay heridos, incluso, los medios libres hablan de la muerte de Brayan Lim\u00f3n Garc\u00eda, estudiante de vocacional, y se reportan en estado grave a Carlos Jahir Valdez, y a nuestro compa\u00f1ero, integrante de la Otra Campa\u00f1a, y de la Otra Cultura, Francisco Kuykendall Leal, conocido por muchos de nosotros como Kuy. El compa\u00f1ero fue herido en la cabeza por una granada lacrim\u00f3gena lanzada por la Polic\u00eda Federal Preventiva y su estado, como lo mencionamos, es grave.<\/p>\n<p>Condenamos esta brutal agresi\u00f3n, expresemos nuestra indignaci\u00f3n, manteng\u00e1monos atentos a la salud de los heridos y de nuestro compa\u00f1ero Kuy.<\/p>\n<p>ALTO A LA REPRESI\u00d3N DE ENRIQUE PE\u00d1A NIETO<\/p>\n<p>JUSTICIA A LOS VIOLENTADOS POR EL ESTADO<\/p>\n<p>JUSTICIA PARA FRANCISCO KUYKENDALL LEAL<\/p>\n<p>Contra el despojo y la represi\u00f3n\u2026<\/p>\n<p>la solidaridad.<\/p>\n<p>Red Contra la Represi\u00f3n y por la Solidaridad<\/p>\n<p>(RvsR)<\/p>","protected":false},"excerpt":{"rendered":"<p>No ha pasado ni 24 horas en que Enrique Pe\u00f1a Nieto tom\u00f3 posesi\u00f3n como presidente cuando ha demostrado lo que es: un criminal La brutal represi\u00f3n contra estudiantes, trabajadores, contra los manifestantes que se encontraban en las inmediaciones del Congreso de la Uni\u00f3n y del Centro Hist\u00f3rico de la Ciudad de M\u00e9xico, as\u00ed lo demuestra. [&hellip;]<\/p>\n","protected":false},"author":1,"featured_media":0,"comment_status":"open","ping_status":"open","sticky":false,"template":"","format":"standard","meta":{"footnotes":""},"categories":[183],"tags":[58,593,214,87,27],"class_list":["post-7215","post","type-post","status-publish","format-standard","hentry","category-blog","tag-derechos-humanos","tag-enrique-pena-nieto","tag-rvsr","tag-represion","tag-solidaridad"],"_links":{"self":[{"href":"https:\/\/radiozapatista.org\/index.php?rest_route=\/wp\/v2\/posts\/7215","targetHints":{"allow":["GET"]}}],"collection":[{"href":"https:\/\/radiozapatista.org\/index.php?rest_route=\/wp\/v2\/posts"}],"about":[{"href":"https:\/\/radiozapatista.org\/index.php?rest_route=\/wp\/v2\/types\/post"}],"author":[{"embeddable":true,"href":"https:\/\/radiozapatista.org\/index.php?rest_route=\/wp\/v2\/users\/1"}],"replies":[{"embeddable":true,"href":"https:\/\/radiozapatista.org\/index.php?rest_route=%2Fwp%2Fv2%2Fcomments&post=7215"}],"version-history":[{"count":0,"href":"https:\/\/radiozapatista.org\/index.php?rest_route=\/wp\/v2\/posts\/7215\/revisions"}],"wp:attachment":[{"href":"https:\/\/radiozapatista.org\/index.php?rest_route=%2Fwp%2Fv2%2Fmedia&parent=7215"}],"wp:term":[{"taxonomy":"category","embeddable":true,"href":"https:\/\/radiozapatista.org\/index.php?rest_route=%2Fwp%2Fv2%2Fcategories&post=7215"},{"taxonomy":"post_tag","embeddable":true,"href":"https:\/\/radiozapatista.org\/index.php?rest_route=%2Fwp%2Fv2%2Ftags&post=7215"}],"curies":[{"name":"wp","href":"https:\/\/api.w.org\/{rel}","templated":true}]}}