{"id":7162,"date":"2012-11-22T10:36:06","date_gmt":"2012-11-22T16:36:06","guid":{"rendered":"https:\/\/radiozapatista.org\/?p=7162"},"modified":"2012-11-22T10:36:06","modified_gmt":"2012-11-22T16:36:06","slug":"marcha-en-defensa-de-la-tierra-y-territorio-del-ejido-de-tila-de-la-otra-campana-en-el-aniversario-de-la-revolucion-mexicana","status":"publish","type":"post","link":"https:\/\/radiozapatista.org\/?p=7162","title":{"rendered":"Marcha en defensa de la tierra y territorio del Ejido de Tila de La Otra Campa\u00f1a en el aniversario de la Revoluci\u00f3n Mexicana"},"content":{"rendered":"<p><\/p>\n<p style=\"text-align: center;\"><a href=\"https:\/\/radiozapatista.org\/wp-content\/uploads\/2012\/11\/Tila-R\u00edos-de-gente-ligero.jpg\"><img loading=\"lazy\" decoding=\"async\" class=\"size-medium wp-image-7163 aligncenter\" title=\"Tila R\u00edos de gente ligero\" src=\"https:\/\/radiozapatista.org\/wp-content\/uploads\/2012\/11\/Tila-R\u00edos-de-gente-ligero-300x225.jpg\" alt=\"\" width=\"300\" height=\"225\" srcset=\"https:\/\/radiozapatista.org\/wp-content\/uploads\/2012\/11\/Tila-R\u00edos-de-gente-ligero-300x225.jpg 300w, https:\/\/radiozapatista.org\/wp-content\/uploads\/2012\/11\/Tila-R\u00edos-de-gente-ligero-350x263.jpg 350w, https:\/\/radiozapatista.org\/wp-content\/uploads\/2012\/11\/Tila-R\u00edos-de-gente-ligero.jpg 640w\" sizes=\"auto, (max-width: 300px) 100vw, 300px\" \/><\/a><\/p>\n<p style=\"text-align: center;\">El 20 de Noviembre de 2012 los ejidatarios de Tila de la Otra Campa\u00f1a se dieron cita para conmemorar el aniversario de la Revoluci\u00f3n Mexicana y refrendar su derecho a la tierra y territorio. En esta c\u00e1psula rememoran sobre su largo camino para obtener lo que de por s\u00ed les pertenece: su territorio como pueblo ch\u00b4ol.<\/p>\n<p style=\"text-align: left;\">[podcast]http:\/\/www.radiozapatista.org\/Audios\/TilaMarcha20Nov.MP3[\/podcast]<\/p>\n<p style=\"text-align: center;\"><a href=\"https:\/\/radiozapatista.org\/wp-content\/uploads\/2012\/11\/Marcha-gente-Tila-lig.jpg\"><img loading=\"lazy\" decoding=\"async\" class=\"alignnone size-medium wp-image-7164\" title=\"Marcha gente Tila lig\" src=\"https:\/\/radiozapatista.org\/wp-content\/uploads\/2012\/11\/Marcha-gente-Tila-lig-300x225.jpg\" alt=\"\" width=\"300\" height=\"225\" srcset=\"https:\/\/radiozapatista.org\/wp-content\/uploads\/2012\/11\/Marcha-gente-Tila-lig-300x225.jpg 300w, https:\/\/radiozapatista.org\/wp-content\/uploads\/2012\/11\/Marcha-gente-Tila-lig-350x263.jpg 350w, https:\/\/radiozapatista.org\/wp-content\/uploads\/2012\/11\/Marcha-gente-Tila-lig.jpg 640w\" sizes=\"auto, (max-width: 300px) 100vw, 300px\" \/><\/a><\/p>\n<p>Frente a la vacuidad de las celebraciones oficiales, la dignidad y resistencia de los pueblos.<\/p>\n<p style=\"text-align: center;\"><a href=\"https:\/\/radiozapatista.org\/wp-content\/uploads\/2012\/11\/Tatuches-rezando-Tila-lig.jpg\"><img loading=\"lazy\" decoding=\"async\" class=\"size-medium wp-image-7165 aligncenter\" title=\"Tatuches rezando Tila lig\" src=\"https:\/\/radiozapatista.org\/wp-content\/uploads\/2012\/11\/Tatuches-rezando-Tila-lig-300x225.jpg\" alt=\"\" width=\"300\" height=\"225\" srcset=\"https:\/\/radiozapatista.org\/wp-content\/uploads\/2012\/11\/Tatuches-rezando-Tila-lig-300x225.jpg 300w, https:\/\/radiozapatista.org\/wp-content\/uploads\/2012\/11\/Tatuches-rezando-Tila-lig-350x263.jpg 350w, https:\/\/radiozapatista.org\/wp-content\/uploads\/2012\/11\/Tatuches-rezando-Tila-lig.jpg 640w\" sizes=\"auto, (max-width: 300px) 100vw, 300px\" \/><\/a><\/p>\n<p><\/p>","protected":false},"excerpt":{"rendered":"<p>El 20 de Noviembre de 2012 los ejidatarios de Tila de la Otra Campa\u00f1a se dieron cita para conmemorar el aniversario de la Revoluci\u00f3n Mexicana y refrendar su derecho a la tierra y territorio. En esta c\u00e1psula rememoran sobre su largo camino para obtener lo que de por s\u00ed les pertenece: su territorio como pueblo [&hellip;]<\/p>\n","protected":false},"author":1,"featured_media":0,"comment_status":"open","ping_status":"open","sticky":false,"template":"","format":"standard","meta":{"footnotes":""},"categories":[1,190],"tags":[483,95],"class_list":["post-7162","post","type-post","status-publish","format-standard","hentry","category-audio","category-radiozapatista","tag-tierra-y-territorio","tag-tila"],"_links":{"self":[{"href":"https:\/\/radiozapatista.org\/index.php?rest_route=\/wp\/v2\/posts\/7162","targetHints":{"allow":["GET"]}}],"collection":[{"href":"https:\/\/radiozapatista.org\/index.php?rest_route=\/wp\/v2\/posts"}],"about":[{"href":"https:\/\/radiozapatista.org\/index.php?rest_route=\/wp\/v2\/types\/post"}],"author":[{"embeddable":true,"href":"https:\/\/radiozapatista.org\/index.php?rest_route=\/wp\/v2\/users\/1"}],"replies":[{"embeddable":true,"href":"https:\/\/radiozapatista.org\/index.php?rest_route=%2Fwp%2Fv2%2Fcomments&post=7162"}],"version-history":[{"count":0,"href":"https:\/\/radiozapatista.org\/index.php?rest_route=\/wp\/v2\/posts\/7162\/revisions"}],"wp:attachment":[{"href":"https:\/\/radiozapatista.org\/index.php?rest_route=%2Fwp%2Fv2%2Fmedia&parent=7162"}],"wp:term":[{"taxonomy":"category","embeddable":true,"href":"https:\/\/radiozapatista.org\/index.php?rest_route=%2Fwp%2Fv2%2Fcategories&post=7162"},{"taxonomy":"post_tag","embeddable":true,"href":"https:\/\/radiozapatista.org\/index.php?rest_route=%2Fwp%2Fv2%2Ftags&post=7162"}],"curies":[{"name":"wp","href":"https:\/\/api.w.org\/{rel}","templated":true}]}}