{"id":7159,"date":"2012-11-21T18:55:58","date_gmt":"2012-11-22T00:55:58","guid":{"rendered":"https:\/\/radiozapatista.org\/?p=7159"},"modified":"2014-05-27T10:05:36","modified_gmt":"2014-05-27T15:05:36","slug":"festival-de-la-memoria-29-aniversario-del-ezln-programas-radiales","status":"publish","type":"post","link":"https:\/\/radiozapatista.org\/?p=7159","title":{"rendered":"Festival de la Memoria \u2013 29 Aniversario del EZLN \u2013 Programas Radiales"},"content":{"rendered":"<p><\/p>\n<h3 style=\"text-align: center;\">PROGRAMAS RADIALES FESTIVAL DE LA MEMORIA, 29 ANIVERSARIO DEL EZLN 20\/11\/12<\/h3>\n<p>Este 17 de noviembre  de 2012 se cumplieron 29 a\u00f1os de la fundaci\u00f3n, en alg\u00fan lugar de la  selva Lacandona, del segundo n\u00facleo guerrillero Emiliano Zapata, que fue  la semilla del Ej\u00e9rcito Zapatista de Liberaci\u00f3n Nacional.<\/p>\n<p>Como Red de Medios Libres Chiapas,  organizamos un \u201cFestival de la memoria\u201d para festejar recordando este  aniversario, como parte de una larga historia de lucha de los pueblos,  por construir un mundo en el que se viva con libertad, democracia y  justicia.<\/p>\n<p>Aqu\u00ed puedes encontrar las 4 charlas que se dieron en el festival, junto con algunos protagonistas de esta historia.<\/p>\n<p><strong>Mesa 1: \u201cA la vuelta del Kat\u00fan los caminos de organizaci\u00f3n\u201d (60\u00b4s \u2013 83) <\/strong>[73 mins]<\/p>\n<p>Nos adentramos a la historia de Chiapas  hablando de la situaci\u00f3n que viv\u00edan los pueblos ind\u00edgenas en la d\u00e9cada  de los sesenta y el proceso de transformaci\u00f3n que implic\u00f3 la pastoral de  la teolog\u00eda de la liberaci\u00f3n. Hablamos de los movimientos de los 60 en  distintas partes del pa\u00eds y del nacimiento de las Fuerzas de Liberaci\u00f3n  Nacional. Paramos a reflexionar en las implicaciones que tuvo el  Congreso Ind\u00edgena de 1974 con sus ejes de salud, educaci\u00f3n, tierra y  comercio, en el proceso organizativo en Chiapas.<\/p>\n<p>En este apartado nos comparten su palabra:<\/p>\n<ul>\n<li>Juan Hern\u00e1ndez Mesa<\/li>\n<li>Gaspar Morquecho<\/li>\n<li>Michel Chanteau<\/li>\n<li>Mercedes Olivera<\/li>\n<\/ul>\n<p>[podcast]http:\/\/komanilel.org\/FESTIVAL_MEMORIA\/MESA1.mp3[\/podcast]<\/p>\n<p><strong>Mesa 2:<\/strong> <strong>\u201cEl lento transcurrir del tiempo en la monta\u00f1a\u201d (83 \u2013 94)<\/strong> [93 mins]<\/p>\n<p>Durante esta d\u00e9cada de represi\u00f3n muy  fuerte se da la fundaci\u00f3n del segundo n\u00facleo Guerrillero Emiliano  Zapata, padre-madre del EZLN. Asimismo vemos como importante la llegada  de refugiados guatemaltecos a Chiapas y las repercusiones pol\u00edticas,  sociales y organizativas que esto tuvo. As\u00ed tambi\u00e9n en la coyuntura de  la celebraci\u00f3n de los 500 a\u00f1os de resistencia ind\u00edgena en 1992 y como  reacci\u00f3n a las reformas salinistas en referencia a la tierra, se da una  ebullici\u00f3n organizativa que ser\u00e1 un punto de madurez en el movimiento  social en Chiapas.<\/p>\n<p>En este apartado nos comparten su palabra:<\/p>\n<ul>\n<li> Gaspar Morquecho<\/li>\n<li>Elisa Benavides (Archivo)<\/li>\n<li>Estela Barco<\/li>\n<li>Samuel Ruiz Garc\u00eda (Archivo)<\/li>\n<li>Antonio Guti\u00e9rrez, Sociedad Civil Las Abejas<\/li>\n<li>Mariano Estrada, Xi\u00b4nich\u00b4<\/li>\n<li>Mercedes Olivera<\/li>\n<\/ul>\n<p>[podcast]http:\/\/komanilel.org\/FESTIVAL_MEMORIA\/MESA2.mp3[\/podcast]<\/p>\n<p><strong>Mesa 3:<\/strong> <strong>\u201cLa insurrecci\u00f3n del fuego y la palabra\u201d (94 \u2013 2003) <\/strong>[133 mins]<\/p>\n<p>El primero de Enero de 1994 signific\u00f3 un  parte aguas en la historia de Chiapas, de M\u00e9xico y el mundo. Despu\u00e9s  del levantamiento armado, el zapatismo trasciende Chiapas y se vincula  con la sociedad Civil. Se impulsa una agenda nacional e internacional  que se ve ejemplificada en diversas iniciativas, como la Convenci\u00f3n  Nacional Democr\u00e1tica y los diversos encuentros que comienzan a dibujar  un movimiento a gran escala y de dimensiones globales. Un punto clave en  esto es el proceso de di\u00e1logo del que emergen los acuerdos de San  Andr\u00e9s, momento de reencuentro de la sociedad mexicana y del  replanteamiento de su relaci\u00f3n con el Estado. Sin embargo todo este  proceso de esperanza va a ser opacado por la traici\u00f3n que implic\u00f3 que  mientras el gobierno se sent\u00f3 a dialogar, haya impulsado una estrategia  de guerra sucia de contrainsurgencia que sigue en pie hasta nuestros  d\u00edas.<\/p>\n<p>En este apartado nos comparten su palabra:<\/p>\n<ul>\n<li>Antonio Guti\u00e9rrez<\/li>\n<li>Ana Valad\u00e9z<\/li>\n<li>Estela Barco<\/li>\n<li>Gloria Mu\u00f1oz<\/li>\n<li>Amado Avenda\u00f1o (Archivo)<\/li>\n<li>Gaspar Morquecho<\/li>\n<li>Beatriz Aurora<\/li>\n<\/ul>\n<p>[podcast]http:\/\/komanilel.org\/FESTIVAL_MEMORIA\/MESA3.mp3[\/podcast]<\/p>\n<p><strong>Mesa 4:<\/strong><strong> \u201cAutonom\u00eda, y retos pol\u00edticos y sociales actuales\u201d (2003 para ac\u00e1 ) <\/strong>[129 mins]<\/p>\n<p>El 9 de agosto de 2003 nacen los  caracoles zapatistas como una aplicaci\u00f3n directa de los acuerdos de San  Andr\u00e9s. La autonom\u00eda inaugura una nueva fase y se plantea m\u00e1s  fuertemente como un horizonte de lucha hacia un modelo alternativo de  sociedad. Desde el 2006 el zapatismo busca tambi\u00e9n una nueva iniciativa  con \u201cLa otra campa\u00f1a\u201d que plantea la necesidad de encontrarnos a partir  del construir autonom\u00eda cada quien desde su lugar y seg\u00fan sus  posibilidades. Ante eso en este espacio debatimos: c\u00f3mo estamos  construyendo ahora autonom\u00eda, en el complejo y dif\u00edcil contexto de suma  militarizaci\u00f3n y paramilitarizaci\u00f3n de la vida, con un gran desgaste  pol\u00edtico y social, adem\u00e1s de los retos tan grandes que implican la  crisis ecol\u00f3gica y civilizatoria en la que nos encontramos en la  actualidad. Eso s\u00ed, nunca abandonando la lucha y sabiendo que falta lo  que falta.<\/p>\n<p>En este apartado nos comparten su palabra:<\/p>\n<ul>\n<li>Comandanta Esther (Archivo)<\/li>\n<li>Comandante Zebedeo (Archivo)<\/li>\n<li>Subcomandante Insurgente Marcos (Archivo)<\/li>\n<li>Bruno Baronnet<\/li>\n<li>Red vs la Represi\u00f3n<\/li>\n<li>Gaspar Morquecho<\/li>\n<li>V\u00edctor Hugo L\u00f3pez, Frayba<\/li>\n<\/ul>\n<p>[podcast]http:\/\/komanilel.org\/FESTIVAL_MEMORIA\/MESA4.mp3[\/podcast]<\/p>\n<p><em><strong>PARA LEER, VER Y ESCUCHAR M\u00c1S DE ESTA HISTORIA:<\/strong><\/em><\/p>\n<div><strong>ESCUCHA<\/strong><\/div>\n<p><strong>Leer la historia \u2013 28 a\u00f1os del EZLN<\/strong><br \/>\nPl\u00e1tica con Gaspar Morquecho a 28 de la fundaci\u00f3n del EZLN [20 mins]<\/p>\n<p>[podcast]http:\/\/komanilel.org\/AUDIO\/28%20aniv%20ezln.mp3[\/podcast]<\/p>\n<div><strong>LEE<\/strong><\/div>\n<p><strong><a href=\"http:\/\/desinformemonos.org\/2012\/11\/ezln-29-anos-de-ser-valladar-y-garantia\/\"> El EZLN, inspiraci\u00f3n de los guardianes ind\u00edgenas de M\u00e9xico <\/a><\/strong> Art\u00edculo de Hermann Bellinghausen y Gloria Mu\u00f1oz<\/p>\n<p><strong><a href=\"http:\/\/desinformemonos.org\/2012\/11\/ezln-29-anos-de-ser-valladar-y-garantia\/\"> EZLN: 29 a\u00f1os de ser valladar y garant\u00eda <\/a><\/strong> Foto reportaje en Desinform\u00e9monos<\/p>\n<p><strong><a href=\"http:\/\/enlacezapatista.ezln.org.mx\/2012\/11\/18\/carta-nace-el-ezln-de-sylvia-marcos\/\">Nace el EZLN <\/a><\/strong> Carta de Sylvia Marcos<\/p>\n<p><strong><a href=\"http:\/\/www.rebelion.org\/noticia.php?id=159293\">El EZLN 29 a\u00f1os despu\u00e9s <\/a><\/strong> Art\u00edculo de Ra\u00fal Romero en Rebeli\u00f3n<\/p>\n<p><strong><a href=\"http:\/\/www.proceso.com.mx\/?p=325554\">EZLN: 17 de noviembre de 1983<\/a><\/strong> Art\u00edculo de Isa\u00edn Mandujano en Proceso<\/p>\n<p><strong><a href=\"http:\/\/komanilel.org\/TEXTO\/28aniv\/LA%20GARRAPATA%20EN%20EL%20cHUNCERRO%20CUNA%20DEL%20EZLN.doc\">La Garrapata en el Chuncerro, Cuna del EZLN. <\/a><\/strong>Art\u00edculo de Gaspar Morquecho a 28 a\u00f1os de la fundaci\u00f3n del segundo n\u00facleo Guerrillero de las FLN en Chiapas<\/p>\n<p><strong><a href=\"http:\/\/lavozdelanahuac.blogspot.com\/2011\/11\/28-aniversario-del-ejercito-zapatista.html\">28 aniversario de la fundaci\u00f3n del EZLN<\/a><\/strong> La Voz del An\u00e1huac<\/p>\n<p><strong><a href=\"http:\/\/komanilel.org\/TEXTO\/28aniv\/No%20nos%20rendimos.doc\">No nos Rendimos; Las FLN-EZLN 42 a\u00f1os despu\u00e9s.<\/a><\/strong> Art\u00edculo de Gaspar Morquecho<\/p>\n<p><strong><a href=\"http:\/\/komanilel.org\/TEXTO\/28aniv\/La%20VOZ%20del%20ANAHUAC_FLN%2040.doc\">N\u00famero especial de \u201cLa Voz del An\u00e1huac\u201d en homenaje a los 40 a\u00f1os de las Fuerzas de Liberaci\u00f3n Nacional<\/a><\/strong><\/p>\n<p><strong><a href=\"http:\/\/laotratam.blogspot.com\/2009\/09\/cuarenta-anos-de-la-aparicion-de-las.html\">40 a\u00f1os de las FLN<\/a> <\/strong>En La Otra Tamaulipas<strong><br \/>\n<\/strong><\/p>\n<div><strong>MIRA<\/strong><\/div>\n<p><strong><a href=\"http:\/\/www.komanilel.org\/2011\/10\/levantamiento-zapatista-traves-de-la.html\">El levantamiento Zapatista a trav\u00e9s de la palabra de Amado Avenda\u00f1o<\/a> <\/strong><br \/>\n<strong> <\/strong><\/p>","protected":false},"excerpt":{"rendered":"<p>PROGRAMAS RADIALES FESTIVAL DE LA MEMORIA, 29 ANIVERSARIO DEL EZLN 20\/11\/12 Este 17 de noviembre de 2012 se cumplieron 29 a\u00f1os de la fundaci\u00f3n, en alg\u00fan lugar de la selva Lacandona, del segundo n\u00facleo guerrillero Emiliano Zapata, que fue la semilla del Ej\u00e9rcito Zapatista de Liberaci\u00f3n Nacional. Como Red de Medios Libres Chiapas, organizamos un [&hellip;]<\/p>\n","protected":false},"author":1,"featured_media":0,"comment_status":"open","ping_status":"open","sticky":false,"template":"","format":"standard","meta":{"footnotes":""},"categories":[1,6,826],"tags":[926,197,10],"class_list":["post-7159","post","type-post","status-publish","format-standard","hentry","category-audio","category-chiapas","category-medios-libres-2","tag-ezln","tag-memoria","tag-zapatismo"],"_links":{"self":[{"href":"https:\/\/radiozapatista.org\/index.php?rest_route=\/wp\/v2\/posts\/7159","targetHints":{"allow":["GET"]}}],"collection":[{"href":"https:\/\/radiozapatista.org\/index.php?rest_route=\/wp\/v2\/posts"}],"about":[{"href":"https:\/\/radiozapatista.org\/index.php?rest_route=\/wp\/v2\/types\/post"}],"author":[{"embeddable":true,"href":"https:\/\/radiozapatista.org\/index.php?rest_route=\/wp\/v2\/users\/1"}],"replies":[{"embeddable":true,"href":"https:\/\/radiozapatista.org\/index.php?rest_route=%2Fwp%2Fv2%2Fcomments&post=7159"}],"version-history":[{"count":0,"href":"https:\/\/radiozapatista.org\/index.php?rest_route=\/wp\/v2\/posts\/7159\/revisions"}],"wp:attachment":[{"href":"https:\/\/radiozapatista.org\/index.php?rest_route=%2Fwp%2Fv2%2Fmedia&parent=7159"}],"wp:term":[{"taxonomy":"category","embeddable":true,"href":"https:\/\/radiozapatista.org\/index.php?rest_route=%2Fwp%2Fv2%2Fcategories&post=7159"},{"taxonomy":"post_tag","embeddable":true,"href":"https:\/\/radiozapatista.org\/index.php?rest_route=%2Fwp%2Fv2%2Ftags&post=7159"}],"curies":[{"name":"wp","href":"https:\/\/api.w.org\/{rel}","templated":true}]}}