{"id":7085,"date":"2012-10-31T04:33:09","date_gmt":"2012-10-31T10:33:09","guid":{"rendered":"https:\/\/radiozapatista.org\/?p=7085"},"modified":"2012-10-31T04:33:09","modified_gmt":"2012-10-31T10:33:09","slug":"invitacion-mictlan-rebelde","status":"publish","type":"post","link":"https:\/\/radiozapatista.org\/?p=7085","title":{"rendered":"<!--:es-->Invitaci\u00f3n: MICTLAN REBELDE<!--:--><!--:en-->Invitaci\u00f3n: MICTLAN REBELDE<!--:-->"},"content":{"rendered":"<p><!--:es-->Compa\u00f1eros, compa\u00f1eras:<\/p>\n<p>Los invitamos a asistir y participar en  el homenaje a nuestros muertos y a nuestras muertas este pr\u00f3ximo primero  y dos de noviembre en la explanada del Palacio de Bellas Artes.<\/p>\n<p style=\"text-align: center;\"><strong>MICTLAN REBELDE: NO MORIRA LA FLOR DE LA REBELDIA.<\/strong><\/p>\n<p>Invitamos a l@s compa\u00f1er@s de La Otra Campa\u00f1a y al digno pueblo de M\u00e9xico a la Ofrenda de La Otra Campa\u00f1a para honrar a nuestras y nuestros muertos el 1 y 2 de noviembre en la explanada de Bellas Artes.<\/p>\n<p>Programa art\u00edstico-pol\u00edtico de 10 a 22hrs, ambos d\u00edas, con danza, teatro, arte-acci\u00f3n, hip-hop, beat box, reggae, ritmos afroantillanos, ska, trova, poes\u00eda, etc.<\/p>\n<p>\u00a1Honremos a Nuestr@s Muertas y Muertos y denunciemos el asesinato pol\u00edtico, como forma de represi\u00f3n. de los malos gobiernos contra la Otra Campa\u00f1a y los movimientos sociales!<\/p>\n<p>Pero la lucha sigue, sigue, sigue y sigue\u2026hasta ganar la guerra contra el capitalismo y seguir construyendo el Otro Mundo Posible.<\/p>\n<p style=\"text-align: center;\"><strong>Jueves 1 de noviembre.<\/strong><br \/>\n8 am Inicio del montaje de la Ofrenda<br \/>\n10 am Saludo a los puntos c\u00f3smicos y siembra del fuego<br \/>\n11 am-8 pm Programa pol\u00edtico-cultural<\/p>\n<p style=\"text-align: center;\"><strong>Viernes 2 de noviembre.<\/strong><br \/>\n10 am- 9pm Programa pol\u00edtico-cultural<br \/>\n9 pm Levantamiento de la Ofrenda.<\/p>\n<p>Los trabajos preparatorios del tzompantli y el te\u00f1ido del acerr\u00edn contin\u00faan en la Escuela de Cultura Popular M\u00e1rtires del 68 en Lucas de Lassaga No. 257 esq 5 de febrero, el domingo 28 de oct de 1 a 9 pm y de lunes a mi\u00e9rcoles, de 5 a 9 pm.<\/p>\n<p>El acopio de aportaciones de calaveritas, veladoras, ceras, flores, fruta, semillas, papel picado, dulces, figuras, semblanzas, fotograf\u00ecas, sahumerios, caracoles, latas de jugo taparosca, etc ser\u00e1 del del 29 al 31 de octubre en M\u00e1rtires del 68 y el 1 y 2 de noviembre en la explanada de Bellas Artes.!!<\/p>\n<p>Para consultar semblanzas y l\u00ednea del tiempo de Nuestr@s Muert@s pueden consultar el blog <a href=\"http:\/\/mictlanrebelde.wordpress.com\" target=\"_blank\">mictlanrebelde.wordpress.com<\/a> y enviar comentarios, sugerencias y aportaciones a <a href=\"mailto:mictlanrebelde@yahoo.com.mx\" target=\"_blank\">mictlanrebelde@yahoo.com.mx<\/a>.<\/p>\n<p><strong>Colectivos, Grupos, Organizaciones, Coordinaciones e Individuos Adherentes a la Otra Campa\u00f1a<br \/>\nRed contra la Represi\u00f3n y por la Solidaridad<\/strong><\/p>\n<p><strong> <\/strong><\/p>\n<p>Contacto:<\/p>\n<p><a href=\"mailto:mujeresyla6a@yahoo.com.mx\" target=\"_blank\">mujeresyla6a@yahoo.com.mx<\/a><br \/>\n<a href=\"http:\/\/mictlanrebelde.wordpress.com\" target=\"_blank\">mictlanrebelde.wordpress.com<\/a><br \/>\n<a href=\"mailto:mictlanrebelde@yahoo.com.mx\" target=\"_blank\">mictlanrebelde@yahoo.com.mx<\/a><\/p>\n<div>\n<div id=\":8o\"><img decoding=\"async\" src=\"https:\/\/mail.google.com\/mail\/u\/0\/images\/cleardot.gif\" alt=\"\" \/><\/div>\n<\/div>\n<p><!--:--><\/p>\n","protected":false},"excerpt":{"rendered":"<p>Compa\u00f1eros, compa\u00f1eras: Los invitamos a asistir y participar en el homenaje a nuestros muertos y a nuestras muertas este pr\u00f3ximo primero y dos de noviembre en la explanada del Palacio de Bellas Artes. MICTLAN REBELDE: NO MORIRA LA FLOR DE LA REBELDIA. Invitamos a l@s compa\u00f1er@s de La Otra Campa\u00f1a y al digno pueblo de [&hellip;]<\/p>\n","protected":false},"author":1,"featured_media":0,"comment_status":"open","ping_status":"open","sticky":false,"template":"","format":"standard","meta":{"footnotes":""},"categories":[183],"tags":[197],"class_list":["post-7085","post","type-post","status-publish","format-standard","hentry","category-blog","tag-memoria"],"_links":{"self":[{"href":"https:\/\/radiozapatista.org\/index.php?rest_route=\/wp\/v2\/posts\/7085","targetHints":{"allow":["GET"]}}],"collection":[{"href":"https:\/\/radiozapatista.org\/index.php?rest_route=\/wp\/v2\/posts"}],"about":[{"href":"https:\/\/radiozapatista.org\/index.php?rest_route=\/wp\/v2\/types\/post"}],"author":[{"embeddable":true,"href":"https:\/\/radiozapatista.org\/index.php?rest_route=\/wp\/v2\/users\/1"}],"replies":[{"embeddable":true,"href":"https:\/\/radiozapatista.org\/index.php?rest_route=%2Fwp%2Fv2%2Fcomments&post=7085"}],"version-history":[{"count":0,"href":"https:\/\/radiozapatista.org\/index.php?rest_route=\/wp\/v2\/posts\/7085\/revisions"}],"wp:attachment":[{"href":"https:\/\/radiozapatista.org\/index.php?rest_route=%2Fwp%2Fv2%2Fmedia&parent=7085"}],"wp:term":[{"taxonomy":"category","embeddable":true,"href":"https:\/\/radiozapatista.org\/index.php?rest_route=%2Fwp%2Fv2%2Fcategories&post=7085"},{"taxonomy":"post_tag","embeddable":true,"href":"https:\/\/radiozapatista.org\/index.php?rest_route=%2Fwp%2Fv2%2Ftags&post=7085"}],"curies":[{"name":"wp","href":"https:\/\/api.w.org\/{rel}","templated":true}]}}