{"id":7000,"date":"2012-10-09T20:16:33","date_gmt":"2012-10-10T01:16:33","guid":{"rendered":"https:\/\/radiozapatista.org\/?p=7000"},"modified":"2012-10-23T19:43:20","modified_gmt":"2012-10-24T00:43:20","slug":"entrevista-a-alberto-patishtan","status":"publish","type":"post","link":"https:\/\/radiozapatista.org\/?p=7000","title":{"rendered":"Entrevista a Alberto Patisht\u00e1n"},"content":{"rendered":"<p>La entrevista realizada a Alberto Patisht\u00e1n se llev\u00f3 a cabo el domingo 7 de octubre en el Instituto Nacional de Neurolog\u00eda, en la ciudad de M\u00e9xico. El d\u00eda de hoy, 8 de octubre, Patihst\u00e1n fue operado para extraerle un tumor alojado en su cabeza. La entrevista se llev\u00f3 a cabo con muchas dificultades debido a la prohibici\u00f3n de las autoridades para realizar entrevistas y sacar fotos y video.<\/p>\n<p>En lo que representa una acci\u00f3n m\u00e1s de ensa\u00f1amiento y desprecio de las autoridades del estado de Chiapas, d\u00edas previos a la operaci\u00f3n, ya hospitalizado, mantuvieron esposado a Patihst\u00e1n en su camilla, a pesar su tumor y de tener un 80% de p\u00e9rdida visual. RV<\/p>\n<p><iframe loading=\"lazy\" width=\"480\" height=\"270\" src=\"http:\/\/www.youtube.com\/embed\/hklT6brfGks\" frameborder=\"0\" allowfullscreen><\/iframe><\/p>\n<p><\/p>","protected":false},"excerpt":{"rendered":"<p>La entrevista realizada a Alberto Patisht\u00e1n se llev\u00f3 a cabo el domingo 7 de octubre en el Instituto Nacional de Neurolog\u00eda, en la ciudad de M\u00e9xico. El d\u00eda de hoy, 8 de octubre, Patihst\u00e1n fue operado para extraerle un tumor alojado en su cabeza. La entrevista se llev\u00f3 a cabo con muchas dificultades debido a [&hellip;]<\/p>\n","protected":false},"author":1,"featured_media":0,"comment_status":"open","ping_status":"open","sticky":false,"template":"","format":"standard","meta":{"footnotes":""},"categories":[1,51,6,222],"tags":[917,37,927],"class_list":["post-7000","post","type-post","status-publish","format-standard","hentry","category-audio","category-autor","category-chiapas","category-video","tag-chiapas","tag-presos-politicos","tag-video"],"_links":{"self":[{"href":"https:\/\/radiozapatista.org\/index.php?rest_route=\/wp\/v2\/posts\/7000","targetHints":{"allow":["GET"]}}],"collection":[{"href":"https:\/\/radiozapatista.org\/index.php?rest_route=\/wp\/v2\/posts"}],"about":[{"href":"https:\/\/radiozapatista.org\/index.php?rest_route=\/wp\/v2\/types\/post"}],"author":[{"embeddable":true,"href":"https:\/\/radiozapatista.org\/index.php?rest_route=\/wp\/v2\/users\/1"}],"replies":[{"embeddable":true,"href":"https:\/\/radiozapatista.org\/index.php?rest_route=%2Fwp%2Fv2%2Fcomments&post=7000"}],"version-history":[{"count":0,"href":"https:\/\/radiozapatista.org\/index.php?rest_route=\/wp\/v2\/posts\/7000\/revisions"}],"wp:attachment":[{"href":"https:\/\/radiozapatista.org\/index.php?rest_route=%2Fwp%2Fv2%2Fmedia&parent=7000"}],"wp:term":[{"taxonomy":"category","embeddable":true,"href":"https:\/\/radiozapatista.org\/index.php?rest_route=%2Fwp%2Fv2%2Fcategories&post=7000"},{"taxonomy":"post_tag","embeddable":true,"href":"https:\/\/radiozapatista.org\/index.php?rest_route=%2Fwp%2Fv2%2Ftags&post=7000"}],"curies":[{"name":"wp","href":"https:\/\/api.w.org\/{rel}","templated":true}]}}