{"id":697,"date":"2008-10-03T20:56:35","date_gmt":"2008-10-04T01:56:35","guid":{"rendered":"https:\/\/radiozapatista.org\/?p=697"},"modified":"2017-07-03T15:39:35","modified_gmt":"2017-07-03T20:39:35","slug":"programa-en-espanol-4","status":"publish","type":"post","link":"https:\/\/radiozapatista.org\/?p=697","title":{"rendered":"Programa en espa\u00f1ol &#8211; Oct 2008"},"content":{"rendered":"<p>[podcast]https:\/\/radiozapatista.org\/Audios\/RZ03oct08.mp3[\/podcast]<\/p>\n<ul>\n<li>Recordando la masacre de Tlatelolco.<\/li>\n<li>Presos pol\u00edticos de Atenco.<\/li>\n<li>Reportaje sobre CR-10, el d\u00e9cimo aniversario de Critical Resistance (Resistencia Cr\u00edtica)             contra el sistema industrial carcelario.<\/li>\n<li>Redadas anti-inmigrantes en el condado de Humboldt.<\/li>\n<\/ul>\n<p><\/p>","protected":false},"excerpt":{"rendered":"<p>[podcast]https:\/\/radiozapatista.org\/Audios\/RZ03oct08.mp3[\/podcast] Recordando la masacre de Tlatelolco. Presos pol\u00edticos de Atenco. Reportaje sobre CR-10, el d\u00e9cimo aniversario de Critical Resistance (Resistencia Cr\u00edtica) contra el sistema industrial carcelario. Redadas anti-inmigrantes en el condado de Humboldt.<\/p>\n","protected":false},"author":1,"featured_media":0,"comment_status":"open","ping_status":"open","sticky":false,"template":"","format":"standard","meta":{"footnotes":""},"categories":[1,46,954,953,962],"tags":[],"class_list":["post-697","post","type-post","status-publish","format-standard","hentry","category-audio","category-la-onda-bajita","category-mexico","category-mundo","category-presos"],"_links":{"self":[{"href":"https:\/\/radiozapatista.org\/index.php?rest_route=\/wp\/v2\/posts\/697","targetHints":{"allow":["GET"]}}],"collection":[{"href":"https:\/\/radiozapatista.org\/index.php?rest_route=\/wp\/v2\/posts"}],"about":[{"href":"https:\/\/radiozapatista.org\/index.php?rest_route=\/wp\/v2\/types\/post"}],"author":[{"embeddable":true,"href":"https:\/\/radiozapatista.org\/index.php?rest_route=\/wp\/v2\/users\/1"}],"replies":[{"embeddable":true,"href":"https:\/\/radiozapatista.org\/index.php?rest_route=%2Fwp%2Fv2%2Fcomments&post=697"}],"version-history":[{"count":0,"href":"https:\/\/radiozapatista.org\/index.php?rest_route=\/wp\/v2\/posts\/697\/revisions"}],"wp:attachment":[{"href":"https:\/\/radiozapatista.org\/index.php?rest_route=%2Fwp%2Fv2%2Fmedia&parent=697"}],"wp:term":[{"taxonomy":"category","embeddable":true,"href":"https:\/\/radiozapatista.org\/index.php?rest_route=%2Fwp%2Fv2%2Fcategories&post=697"},{"taxonomy":"post_tag","embeddable":true,"href":"https:\/\/radiozapatista.org\/index.php?rest_route=%2Fwp%2Fv2%2Ftags&post=697"}],"curies":[{"name":"wp","href":"https:\/\/api.w.org\/{rel}","templated":true}]}}