{"id":6880,"date":"2012-09-20T11:42:35","date_gmt":"2012-09-20T16:42:35","guid":{"rendered":"https:\/\/radiozapatista.org\/?p=6880"},"modified":"2012-09-20T11:42:35","modified_gmt":"2012-09-20T16:42:35","slug":"cuarto-informe-%c2%a1a-tumbar-las-paredes-del-calabozo","status":"publish","type":"post","link":"https:\/\/radiozapatista.org\/?p=6880","title":{"rendered":"Cuarto Informe \u00a1A TUMBAR LAS PAREDES DEL CALABOZO!"},"content":{"rendered":"<p><\/p>\n<p style=\"text-align: center;\"><strong>Cuarto Informe \u00a1A TUMBAR LAS PAREDES DEL CALABOZO!<br \/>\nCampa\u00f1a Mundial por la Libertad de Patisht\u00e1n y S\u00e1ntiz L\u00f3pez<\/strong><\/p>\n<p style=\"text-align: center;\"><strong>Cuarta Etapa: \u201cA 9 meses: 9 d\u00edas de Acci\u00f3n Global para<br \/>\nTumbar Las Paredes del Calabozo\u201d<\/strong><\/p>\n<p style=\"text-align: center;\"><strong>27 de agosto \u2013 4 de septiembre<\/strong><\/p>\n<p>Compa\u00f1eras y compa\u00f1eros:<\/p>\n<p>Desde nuestro Barrio de migrantes, l@s saludamos con mucho cari\u00f1o de parte de Movimiento por Justicia del Barrio. Por la presente nos dirigimos a ustedes con este informe muy importante.<\/p>\n<p>En la Cuarta Etapa de la Campa\u00f1a Mundial por la Libertad de Patisht\u00e1n y S\u00e1ntiz L\u00f3pez \u201c\u00a1A Tumbar Las Paredes del Calabozo!\u201d, actualmente est\u00e1 en difusi\u00f3n una carta nueva en apoyo a la nueva estrategia jur\u00eddica en el caso del Profe Patisht\u00e1n. Dirigida al Presidente de la Suprema Corte de Justicia y al Presidente de la Primera Sala de la Suprema Corte de Justicia, esta carta busca mobilizar el apoyo y respaldo, tanto nacional como mundialmente, para esta nueva estrategia, la cual aportar\u00e1 a la lucha por su liberaci\u00f3n.<\/p>\n<p>Nosotr@s invitamos a tod@s a que apoyen esta carta y por tanto la dicha estrategia firmandola y difundi\u00e9ndola ampliamente. De esta forma, tod@s junt@s y unid@s, podemos seguir haciendo grietas en las paredes que encierran a nuestros dos presos.<\/p>\n<p>Aqu\u00ed est\u00e1 el enlace a la carta donde pueden firmar la carta y abajo el texto completo:<\/p>\n<p><a href=\"http:\/\/www.redtdt.org.mx\/d_acciones\/d_visual.php?id_accion=224\" target=\"_blank\">http:\/\/www.redtdt.org.mx\/d_acciones\/d_visual.php?id_accion=224<\/a><\/p>\n<p>Muchas gracias, compas.<\/p>\n<p>Movimiento por Justicia del Barrio<br \/>\nLa Otra Campa\u00f1a Nueva York:<\/p>\n<hr>\n<h3>12 a\u00f1os de injusticias, \u00a1Liberen a Alberto Patisht\u00e1n!<\/h3>\n<p>C. MINISTRO JUAN N. SILVA MEZA, PRESIDENTE DE LA SUPREMA CORTE DE JUSTICIA DE LA NACI\u00d3N<\/p>\n<p>C. MINISTRO ARTURO ZALD\u00cdVAR LELO DE LARREA, PRESIDENTE DE LA PRIMERA SALA DE LA SUPREMA CORTE DE JUSTICIA DE LA NACI\u00d3N<\/p>\n<p>PRESENTES<\/p>\n<p>Las organizaciones de derechos humanos nacionales e internacionales, sociales y personas que suscribimos la presente petici\u00f3n; se\u00f1alando como domicilio para recibir notificaciones los despachos 509 y 510 del edificio M\u00e9xico, ubicado en Palma Norte 308, esquina Tacuba, Colonia Centro Hist\u00f3rico, Delegaci\u00f3n Cuauht\u00e9moc, C\u00f3digo Postal 06010, M\u00e9xico, Distrito Federal; por este conducto nos dirigimos a ustedes para expresarles:<\/p>\n<p>Que con motivo de la sentencia de sesenta a\u00f1os de prisi\u00f3n impuesta al profesor ind\u00edgena ALBERTO PATISHT\u00c1N G\u00d3MEZ, por los delitos de Homicidio y Lesiones calificados; Robo calificado; Da\u00f1os y; Portaci\u00f3n de Arma de Fuego de Uso Exclusivo del Ejercito, Armada o Fuerza A\u00e9rea, derivada de los hechos suscitados el 12 de junio de 2000, en el tramo Laguna \u2013 El Bosque, que une los municipios de Simojovel y el Bosque, en el Estado de Chiapas, solicitamos al M\u00e1ximo Tribunal que ustedes representan, que ante la interposici\u00f3n del Incidente de Reconocimiento de Inocencia presentado por la defensa legal del sentenciado, La H. Primera Sala reasuma la competencia originaria que le confiere el art\u00edculo 561 del C\u00f3digo Federal de Procedimientos Penales para conocer de ese Incidente.<\/p>\n<p>No obviamos que mediante el Acuerdo General n\u00famero 05\/2001, de veintiuno de junio de dos mil uno, del Tribunal Pleno de la Suprema Corte de Justicia de la Naci\u00f3n, relativo a la determinaci\u00f3n de los asuntos que conservara para su resoluci\u00f3n y el env\u00edo de los de su competencia originaria a las Salas y a los Tribunales Colegiados de Circuito, el M\u00e1ximo Tribunal orden\u00f3 que en los casos de Reconocimientos de Inocencia corresponder\u00eda resolverlos a los Tribunales Colegiados de Circuito; sin embargo, los suscritos consideramos que por el inter\u00e9s que ha irradiado este asunto a nivel nacional como internacional se pueden fijar criterios trascendentes e innovadores en esos casos a partir de las interpretaciones recientes sobre el alcance y protecci\u00f3n de los derechos humanos plasmados en la Carta Magna y en los Tratados Internacionales ratificados por el Estado mexicano, que ha venido desarrollando el Poder Judicial de la Federaci\u00f3n a la luz del paradigma de la reforma constitucional en materia de derechos humanos.<\/p>\n<p>ATENTAMENTE<\/p>\n<p><strong>Importante:<\/strong><\/p>\n<p>Al env\u00edar esta informaci\u00f3n, Autorizo a -Red TDT- comunicar en mi nombre estas solicitudes. Esta informaci\u00f3n no ser\u00e1 distribuida a terceras partes.<\/p>","protected":false},"excerpt":{"rendered":"<p>Cuarto Informe \u00a1A TUMBAR LAS PAREDES DEL CALABOZO! Campa\u00f1a Mundial por la Libertad de Patisht\u00e1n y S\u00e1ntiz L\u00f3pez Cuarta Etapa: \u201cA 9 meses: 9 d\u00edas de Acci\u00f3n Global para Tumbar Las Paredes del Calabozo\u201d 27 de agosto \u2013 4 de septiembre Compa\u00f1eras y compa\u00f1eros: Desde nuestro Barrio de migrantes, l@s saludamos con mucho cari\u00f1o de [&hellip;]<\/p>\n","protected":false},"author":1,"featured_media":0,"comment_status":"open","ping_status":"open","sticky":false,"template":"","format":"standard","meta":{"footnotes":""},"categories":[183],"tags":[512,508,70,37],"class_list":["post-6880","post","type-post","status-publish","format-standard","hentry","category-blog","tag-a-tumbar-las-paredes-del-calabozo","tag-francisco-santiz","tag-movimiento-por-justicia-del-barrio","tag-presos-politicos"],"_links":{"self":[{"href":"https:\/\/radiozapatista.org\/index.php?rest_route=\/wp\/v2\/posts\/6880","targetHints":{"allow":["GET"]}}],"collection":[{"href":"https:\/\/radiozapatista.org\/index.php?rest_route=\/wp\/v2\/posts"}],"about":[{"href":"https:\/\/radiozapatista.org\/index.php?rest_route=\/wp\/v2\/types\/post"}],"author":[{"embeddable":true,"href":"https:\/\/radiozapatista.org\/index.php?rest_route=\/wp\/v2\/users\/1"}],"replies":[{"embeddable":true,"href":"https:\/\/radiozapatista.org\/index.php?rest_route=%2Fwp%2Fv2%2Fcomments&post=6880"}],"version-history":[{"count":0,"href":"https:\/\/radiozapatista.org\/index.php?rest_route=\/wp\/v2\/posts\/6880\/revisions"}],"wp:attachment":[{"href":"https:\/\/radiozapatista.org\/index.php?rest_route=%2Fwp%2Fv2%2Fmedia&parent=6880"}],"wp:term":[{"taxonomy":"category","embeddable":true,"href":"https:\/\/radiozapatista.org\/index.php?rest_route=%2Fwp%2Fv2%2Fcategories&post=6880"},{"taxonomy":"post_tag","embeddable":true,"href":"https:\/\/radiozapatista.org\/index.php?rest_route=%2Fwp%2Fv2%2Ftags&post=6880"}],"curies":[{"name":"wp","href":"https:\/\/api.w.org\/{rel}","templated":true}]}}