{"id":6835,"date":"2012-09-18T09:12:40","date_gmt":"2012-09-18T14:12:40","guid":{"rendered":"https:\/\/radiozapatista.org\/?p=6835"},"modified":"2012-09-18T09:12:40","modified_gmt":"2012-09-18T14:12:40","slug":"desde-colombia-cronica-de-la-actividad-del-comite-de-la-palabra-verdadera-de-bogota","status":"publish","type":"post","link":"https:\/\/radiozapatista.org\/?p=6835","title":{"rendered":"DESDE COLOMBIA: Cr\u00f3nica de la actividad del Comit\u00e9 de la Palabra Verdadera de Bogot\u00e1"},"content":{"rendered":"<p><strong><\/p>\n<p align=\"center\">Cr\u00f3nica de la actividad del<br \/>\nComit\u00e9 de la Palabra Verdadera de Bogot\u00e1, Colombia<\/p>\n<p>Haz clic aqui para ver fotos y la cr\u00f3nica:<br \/>\n<a href=\"http:\/\/sanmarcosaviles.wordpress.com\/campana-mundial\/\" target=\"_blank\">http:\/\/sanmarcosaviles.wordpress.com\/campana-mundial\/<\/a><\/p>\n<p>\u201cEco Mundial en Apoyo a l@s Zapatistas: Justicia y Libertad para San Marcos Avil\u00e9s y Francisco S\u00e1ntiz L\u00f3pez\u201d<\/p>\n<p><\/strong><\/p>\n<p>El pasado viernes 30 de agosto desde las 10 de la ma\u00f1ana m\u00e1s de 200 personas se acercaron a la mesa informativa y de solidaridad con lxs zapatistas en Chiapas.<\/p>\n<p>Se repartieron flyers informativos en donde narramos la situaci\u00f3n de continuas agresiones que vive la Base de Apoyo San Marcos \u00c1viles, las estrategias divisionistas del mal gobierno para que lxs compas resistan de su proyecto de autonom\u00eda y c\u00f3mo las comunidades a pesar de la violencia que viven constantemente no se rinden y siguen luchando por mantener su proyecto de autonom\u00eda.<\/p>\n<p>Informamos tambi\u00e9n sobre la situaci\u00f3n del compa\u00f1ero Francisco Santiz Lopez, preso pol\u00edtico zapatista desde diciembre del a\u00f1o pasado, quien es v\u00edctima de las falsas acusaciones del mal gobierno.<\/p>\n<p>Una galer\u00eda fotogr\u00e1fica de Chiapas fue expuesta durante todo el d\u00eda en donde se intentaba reflejar las creaciones aut\u00f3nomas de las comunidades ind\u00edgenas que all\u00ed viven: las oficinas de mujeres por la dignidad, las escuelas aut\u00f3nomas zapatistas, los tribunales alternativos contra los feminicidios, la riqueza natural que all\u00ed existe y que lxs zapatistas vienen defendiendo ante los continuos ataques del mal gobierno para apropiarse de estos territorios y hacer de ellos fuentes de explotaci\u00f3n para el capitalismo, mediante la construcci\u00f3n de reservas tur\u00edsticas, el fomento de los monocultivos depredadores, la construcci\u00f3n de carreteras. Todo ello a costa del despojo de quienes ancestralmente han vivido, cuidado y resignificado sus vidas a partir de la pertenencia a estos territorios.<\/p>\n<p>El arte caracter\u00edstico del zapatismo tambi\u00e9n form\u00f3 parte de esta jornada de solidaridad, utilizamos unos marcos para estampar dise\u00f1os zapatistas que expresan sus ideas de lucha y resistencia, sobre las camisas de quienes se iban acercando: \u201cTrabajar para luchar, luchar para trabajar\u201d y \u201cLas mujeres con la dignidad rebelde\u201d fueron las frases zapatistas que han inspirado las luchas por la tierra y por la dignidad de las mujeres y su importante papel en las luchas por la transformaci\u00f3n social.<\/p>\n<p>En esta jornada tambi\u00e9n fue posible recaudar algunos fondos a trav\u00e9s de los aportes solidarios por los estampados y de las postales zapatistas que ser\u00e1n utilizados para apoyar la educaci\u00f3n aut\u00f3noma zapatista mediante la compra de materiales para las escuelas y para apoyar la digna lucha por la memoria de la Sociedad Civil las Abejas de Acteal, organizaci\u00f3n hermana de la lucha Zapatista.<\/p>\n<p>Todas las personas que participaron de la jornada manifestaron una abierta simpat\u00eda con el zapatismo y afirmaron la gran influencia que han ejercido sus ideas y pr\u00e1cticas pol\u00edticas basadas en la autogesti\u00f3n, la horizontalidad, el feminismo y la autonom\u00eda sobre los distintos procesos de resistencia en Bogot\u00e1, que tambi\u00e9n luchan d\u00eda a d\u00eda por un mundo mejor.<\/p>\n<p>De esta forma, al igual que lo que expres\u00f3 el pensador uruguayo Ra\u00fal Zibechi en su carta de apoyo al Eco Mundial por lxs Zapatistas, esta jornada fue una expresi\u00f3n m\u00e1s de que quienes participamos en ella creemos que \u201cdestruir al movimiento zapatista ser\u00eda una doble victoria: contra los pueblos y comunidades de Chiapas y contra quienes en el mundo nos inspiramos en su ejemplo\u201d.  <\/p>","protected":false},"excerpt":{"rendered":"<p>Cr\u00f3nica de la actividad del Comit\u00e9 de la Palabra Verdadera de Bogot\u00e1, Colombia Haz clic aqui para ver fotos y la cr\u00f3nica: http:\/\/sanmarcosaviles.wordpress.com\/campana-mundial\/ \u201cEco Mundial en Apoyo a l@s Zapatistas: Justicia y Libertad para San Marcos Avil\u00e9s y Francisco S\u00e1ntiz L\u00f3pez\u201d El pasado viernes 30 de agosto desde las 10 de la ma\u00f1ana m\u00e1s de [&hellip;]<\/p>\n","protected":false},"author":1,"featured_media":0,"comment_status":"open","ping_status":"open","sticky":false,"template":"","format":"standard","meta":{"footnotes":""},"categories":[183],"tags":[546,508,311,27],"class_list":["post-6835","post","type-post","status-publish","format-standard","hentry","category-blog","tag-eco-mundial","tag-francisco-santiz","tag-san-marcos-aviles","tag-solidaridad"],"_links":{"self":[{"href":"https:\/\/radiozapatista.org\/index.php?rest_route=\/wp\/v2\/posts\/6835","targetHints":{"allow":["GET"]}}],"collection":[{"href":"https:\/\/radiozapatista.org\/index.php?rest_route=\/wp\/v2\/posts"}],"about":[{"href":"https:\/\/radiozapatista.org\/index.php?rest_route=\/wp\/v2\/types\/post"}],"author":[{"embeddable":true,"href":"https:\/\/radiozapatista.org\/index.php?rest_route=\/wp\/v2\/users\/1"}],"replies":[{"embeddable":true,"href":"https:\/\/radiozapatista.org\/index.php?rest_route=%2Fwp%2Fv2%2Fcomments&post=6835"}],"version-history":[{"count":0,"href":"https:\/\/radiozapatista.org\/index.php?rest_route=\/wp\/v2\/posts\/6835\/revisions"}],"wp:attachment":[{"href":"https:\/\/radiozapatista.org\/index.php?rest_route=%2Fwp%2Fv2%2Fmedia&parent=6835"}],"wp:term":[{"taxonomy":"category","embeddable":true,"href":"https:\/\/radiozapatista.org\/index.php?rest_route=%2Fwp%2Fv2%2Fcategories&post=6835"},{"taxonomy":"post_tag","embeddable":true,"href":"https:\/\/radiozapatista.org\/index.php?rest_route=%2Fwp%2Fv2%2Ftags&post=6835"}],"curies":[{"name":"wp","href":"https:\/\/api.w.org\/{rel}","templated":true}]}}