{"id":6786,"date":"2012-09-12T11:00:07","date_gmt":"2012-09-12T16:00:07","guid":{"rendered":"https:\/\/radiozapatista.org\/?p=6786"},"modified":"2012-09-12T11:00:07","modified_gmt":"2012-09-12T16:00:07","slug":"pronunciamiento-de-la-rvsr-por-las-agresiones-a-la-comunidad-zapatista-comandante-abel","status":"publish","type":"post","link":"https:\/\/radiozapatista.org\/?p=6786","title":{"rendered":"Pronunciamiento de la RvsR por las agresiones a la comunidad zapatista Comandante Abel"},"content":{"rendered":"<p><\/p>\n<p style=\"text-align: right;\">10 de septiembre de 2012<\/p>\n<p>La denuncia difundida el 8 de septiembre de 2012 por de Junta de Buen Gobierno Nueva Semilla que va a Producir es extremadamente  grave.<\/p>\n<p>Como parte de su estrategia, el Estado, para ocultar la presencia de grupos paramilitares y de contrainsurgencia, los disfraz\u00f3 de organizaciones civiles. De este modo, sus agresiones mantendr\u00edan la apariencia de grupos ind\u00edgenas que \u201clibremente\u201d se oponen al proyecto zapatista y, en caso de enfrentamientos, se difundir\u00eda informaci\u00f3n sobre enfrentamientos entre organizaciones o comunidades. Sin embargo, parece que el Estado regresa al ataque brutal directo al utilizar sus paramilitares con uniformes y  armados con AR-15 como sucedi\u00f3 el 6 de septiembre de 2012 en la Comunidad Aut\u00f3noma Comandante Abel. Grupos de priistas despojaron territorio liberado en las inmediaciones de la Comunidad Aut\u00f3noma Comandante Abel con el Apoyo adicional del grupo paramilitar Paz y Justicia<\/p>\n<p>En menos de un mes hay tres agresiones en territorio zapatista: en el Caracol de Morelia, en la Realidad y ahora en Roberto Barrios. Estos actos de contrainsurgencia son peligrosamente m\u00e1s frecuentes y violentos. Junto con los despojos de territorio, quemas de sembrad\u00edos, destrucci\u00f3n de escuelas aut\u00f3nomas, robos de cosechas esta ahora el descarado operar del grupo paramilitar Paz y Justicia. La presencia de este grupo es una clara provocaci\u00f3n al EZLN.<\/p>\n<p>La Red Contra la Represi\u00f3n y por la Solidaridad responsabiliza de cualquier ataque, de cualquier agresi\u00f3n contra nuestros compa\u00f1eros y compa\u00f1eras zapatistas al gobierno federal encabezado por Felipe Calder\u00f3n, al estatal de Juan Sabines, a las autoridades oficiales de la Sabanilla y Tila. Refrendamos nuestra solidaridad con las Comunidades Zapatistas, llamamos a nuestros compa\u00f1eros y compa\u00f1eras de M\u00e9xico, a los compa\u00f1eros y compa\u00f1eras internacionales a realizar actos de solidaridad con los zapatistas, seg\u00fan nuestras formas y capacidades, a mantenernos atentos  y atentos a acciones que este misma Red convoque, pues el proceso zapatista, la lucha zapatista es parte de las luchas de los procesos de liberaci\u00f3n de la gente de abajo que comienzan a caminar con dignidad.<\/p>\n<p style=\"text-align: center;\">ALTO A LA AGRESI\u00d3N A LAS COMUNIDADES ZAPATISTAS<br \/>\nNO M\u00c1S PROVOCACIONES AL EZLN<br \/>\nS\u00cd A LA ORGANIZACI\u00d3N DE ABAJO Y A LA IZQUIERDA<br \/>\nS\u00cd A LAS COMUNIDADES ZAPATISTAS Y AL EZLN<\/p>\n<p style=\"text-align: center;\">Contra el despojo y la represi\u00f3n:<br \/>\nLa solidaridad<br \/>\nRed Contra la Represi\u00f3n y por la Solidaridad<br \/>\n(RvsR)<\/p>\n<p><\/p>","protected":false},"excerpt":{"rendered":"<p>10 de septiembre de 2012 La denuncia difundida el 8 de septiembre de 2012 por de Junta de Buen Gobierno Nueva Semilla que va a Producir es extremadamente grave. Como parte de su estrategia, el Estado, para ocultar la presencia de grupos paramilitares y de contrainsurgencia, los disfraz\u00f3 de organizaciones civiles. De este modo, sus [&hellip;]<\/p>\n","protected":false},"author":1,"featured_media":0,"comment_status":"open","ping_status":"open","sticky":false,"template":"","format":"standard","meta":{"footnotes":""},"categories":[183],"tags":[561,36,23,321,214,560,27],"class_list":["post-6786","post","type-post","status-publish","format-standard","hentry","category-blog","tag-comunidad-comandante-abel","tag-comunidades-zapatistas","tag-paramilitares","tag-paz-y-justicia","tag-rvsr","tag-roberto-barrios","tag-solidaridad"],"_links":{"self":[{"href":"https:\/\/radiozapatista.org\/index.php?rest_route=\/wp\/v2\/posts\/6786","targetHints":{"allow":["GET"]}}],"collection":[{"href":"https:\/\/radiozapatista.org\/index.php?rest_route=\/wp\/v2\/posts"}],"about":[{"href":"https:\/\/radiozapatista.org\/index.php?rest_route=\/wp\/v2\/types\/post"}],"author":[{"embeddable":true,"href":"https:\/\/radiozapatista.org\/index.php?rest_route=\/wp\/v2\/users\/1"}],"replies":[{"embeddable":true,"href":"https:\/\/radiozapatista.org\/index.php?rest_route=%2Fwp%2Fv2%2Fcomments&post=6786"}],"version-history":[{"count":0,"href":"https:\/\/radiozapatista.org\/index.php?rest_route=\/wp\/v2\/posts\/6786\/revisions"}],"wp:attachment":[{"href":"https:\/\/radiozapatista.org\/index.php?rest_route=%2Fwp%2Fv2%2Fmedia&parent=6786"}],"wp:term":[{"taxonomy":"category","embeddable":true,"href":"https:\/\/radiozapatista.org\/index.php?rest_route=%2Fwp%2Fv2%2Fcategories&post=6786"},{"taxonomy":"post_tag","embeddable":true,"href":"https:\/\/radiozapatista.org\/index.php?rest_route=%2Fwp%2Fv2%2Ftags&post=6786"}],"curies":[{"name":"wp","href":"https:\/\/api.w.org\/{rel}","templated":true}]}}