{"id":678,"date":"2008-11-06T20:34:42","date_gmt":"2008-11-07T02:34:42","guid":{"rendered":"https:\/\/radiozapatista.org\/?p=678"},"modified":"2017-07-03T15:27:57","modified_gmt":"2017-07-03T20:27:57","slug":"john-gibler-oaxaca-narcotrafico-y-militarizacion","status":"publish","type":"post","link":"https:\/\/radiozapatista.org\/?p=678","title":{"rendered":"John Gibler: Oaxaca, narcotr\u00e1fico y militarizaci\u00f3n"},"content":{"rendered":"<p>[:es][podcast]http:\/\/www.radiozapatista.org\/Audios\/john_gibler_on_oaxaca.mp3[\/podcast]<\/p>\n<p>Entrevista con John Gibler, periodista independiente, sobre la situaci\u00f3n en Oaxaca, el caso del asesinato de Brad Will, el narcotr\u00e1fico y la militarizaci\u00f3n de la sociedad en M\u00e9xico.[:en][podcast]http:\/\/www.radiozapatista.org\/Audios\/john_gibler_on_oaxaca.mp3[\/podcast]<\/p>\n<p>Interview to John Gibler, independent journalist,        on the situation in Oaxaca, an update on the case of the murder of Brad Will, drug traffic and militarization in        Mexican society.[:]<\/p>\n","protected":false},"excerpt":{"rendered":"<p>[:es][podcast]http:\/\/www.radiozapatista.org\/Audios\/john_gibler_on_oaxaca.mp3[\/podcast] Entrevista con John Gibler, periodista independiente, sobre la situaci\u00f3n en Oaxaca, el caso del asesinato de Brad Will, el narcotr\u00e1fico y la militarizaci\u00f3n de la sociedad en M\u00e9xico.[:en][podcast]http:\/\/www.radiozapatista.org\/Audios\/john_gibler_on_oaxaca.mp3[\/podcast] Interview to John Gibler, independent journalist, on the situation in Oaxaca, an update on the case of the murder of Brad Will, drug traffic and militarization [&hellip;]<\/p>\n","protected":false},"author":1,"featured_media":0,"comment_status":"open","ping_status":"open","sticky":false,"template":"","format":"standard","meta":{"footnotes":""},"categories":[1,954,190],"tags":[123,116,918,23],"class_list":["post-678","post","type-post","status-publish","format-standard","hentry","category-audio","category-mexico","category-radiozapatista","tag-brad-will","tag-narcotrafico","tag-oaxaca","tag-paramilitares"],"_links":{"self":[{"href":"https:\/\/radiozapatista.org\/index.php?rest_route=\/wp\/v2\/posts\/678","targetHints":{"allow":["GET"]}}],"collection":[{"href":"https:\/\/radiozapatista.org\/index.php?rest_route=\/wp\/v2\/posts"}],"about":[{"href":"https:\/\/radiozapatista.org\/index.php?rest_route=\/wp\/v2\/types\/post"}],"author":[{"embeddable":true,"href":"https:\/\/radiozapatista.org\/index.php?rest_route=\/wp\/v2\/users\/1"}],"replies":[{"embeddable":true,"href":"https:\/\/radiozapatista.org\/index.php?rest_route=%2Fwp%2Fv2%2Fcomments&post=678"}],"version-history":[{"count":0,"href":"https:\/\/radiozapatista.org\/index.php?rest_route=\/wp\/v2\/posts\/678\/revisions"}],"wp:attachment":[{"href":"https:\/\/radiozapatista.org\/index.php?rest_route=%2Fwp%2Fv2%2Fmedia&parent=678"}],"wp:term":[{"taxonomy":"category","embeddable":true,"href":"https:\/\/radiozapatista.org\/index.php?rest_route=%2Fwp%2Fv2%2Fcategories&post=678"},{"taxonomy":"post_tag","embeddable":true,"href":"https:\/\/radiozapatista.org\/index.php?rest_route=%2Fwp%2Fv2%2Ftags&post=678"}],"curies":[{"name":"wp","href":"https:\/\/api.w.org\/{rel}","templated":true}]}}