{"id":6746,"date":"2012-09-06T11:08:45","date_gmt":"2012-09-06T16:08:45","guid":{"rendered":"https:\/\/radiozapatista.org\/?p=6746"},"modified":"2013-03-01T20:16:25","modified_gmt":"2013-03-02T02:16:25","slug":"invitacion-a-conferencia-nuevo-escenario-y-territorio-politico-en-america-latina","status":"publish","type":"post","link":"https:\/\/radiozapatista.org\/?p=6746","title":{"rendered":"Invitaci\u00f3n a conferencia \u201cNuevo escenario y territorio pol\u00edtico en Am\u00e9rica Latina\u201d"},"content":{"rendered":"<p><\/p>\n<p style=\"text-align: center;\"><strong>INVITA CIDECI LAS CASAS\/ UNITIERRA CHIAPAS<\/strong><\/p>\n<p style=\"text-align: center;\"><strong>A LA CONFERENCIA INTITULADA<\/strong><\/p>\n<p style=\"text-align: center;\"><strong> <\/strong><\/p>\n<p style=\"text-align: center;\"><strong>Nuevo escenario y territorio pol\u00edtico en Am\u00e9rica Latina. <\/strong><\/p>\n<p style=\"text-align: center;\"><strong>Avances, tensiones y retos en el campo <\/strong><\/p>\n<p style=\"text-align: center;\"><strong>social-popular. <\/strong><\/p>\n<p>IMPARTIDA POR:<\/p>\n<p>Dr. Gilberto Vald\u00e9s Guti\u00e9rrez<\/p>\n<p><strong>A las 17:00 Horas <\/strong><\/p>\n<p><strong>EL 6 de septiembre 2012 <\/strong><\/p>\n<p><strong>Lugar: <\/strong><strong>Cideci-Unitierra Chiapas <\/strong><\/p>\n<p><strong>Camino Viejo a San Juan Chamula s\/nColonia Nueva Maravilla <\/strong><\/p>\n<p><strong>San Crist\u00f3bal de las Casas, Chiapas. <\/strong><\/p>","protected":false},"excerpt":{"rendered":"<p>INVITA CIDECI LAS CASAS\/ UNITIERRA CHIAPAS A LA CONFERENCIA INTITULADA Nuevo escenario y territorio pol\u00edtico en Am\u00e9rica Latina. Avances, tensiones y retos en el campo social-popular. IMPARTIDA POR: Dr. Gilberto Vald\u00e9s Guti\u00e9rrez A las 17:00 Horas EL 6 de septiembre 2012 Lugar: Cideci-Unitierra Chiapas Camino Viejo a San Juan Chamula s\/nColonia Nueva Maravilla San Crist\u00f3bal [&hellip;]<\/p>\n","protected":false},"author":1,"featured_media":0,"comment_status":"open","ping_status":"open","sticky":false,"template":"","format":"standard","meta":{"footnotes":""},"categories":[183],"tags":[923],"class_list":["post-6746","post","type-post","status-publish","format-standard","hentry","category-blog","tag-cideci"],"_links":{"self":[{"href":"https:\/\/radiozapatista.org\/index.php?rest_route=\/wp\/v2\/posts\/6746","targetHints":{"allow":["GET"]}}],"collection":[{"href":"https:\/\/radiozapatista.org\/index.php?rest_route=\/wp\/v2\/posts"}],"about":[{"href":"https:\/\/radiozapatista.org\/index.php?rest_route=\/wp\/v2\/types\/post"}],"author":[{"embeddable":true,"href":"https:\/\/radiozapatista.org\/index.php?rest_route=\/wp\/v2\/users\/1"}],"replies":[{"embeddable":true,"href":"https:\/\/radiozapatista.org\/index.php?rest_route=%2Fwp%2Fv2%2Fcomments&post=6746"}],"version-history":[{"count":0,"href":"https:\/\/radiozapatista.org\/index.php?rest_route=\/wp\/v2\/posts\/6746\/revisions"}],"wp:attachment":[{"href":"https:\/\/radiozapatista.org\/index.php?rest_route=%2Fwp%2Fv2%2Fmedia&parent=6746"}],"wp:term":[{"taxonomy":"category","embeddable":true,"href":"https:\/\/radiozapatista.org\/index.php?rest_route=%2Fwp%2Fv2%2Fcategories&post=6746"},{"taxonomy":"post_tag","embeddable":true,"href":"https:\/\/radiozapatista.org\/index.php?rest_route=%2Fwp%2Fv2%2Ftags&post=6746"}],"curies":[{"name":"wp","href":"https:\/\/api.w.org\/{rel}","templated":true}]}}