{"id":6576,"date":"2012-07-31T09:01:14","date_gmt":"2012-07-31T14:01:14","guid":{"rendered":"https:\/\/radiozapatista.org\/?p=6576"},"modified":"2012-07-31T09:41:02","modified_gmt":"2012-07-31T14:41:02","slug":"llega-la-caravana-por-la-tierra-y-el-territorio-del-ejido-ch%c2%b4ol-de-tila-al-df","status":"publish","type":"post","link":"https:\/\/radiozapatista.org\/?p=6576","title":{"rendered":"Conferencia de prensa en SCLC y llegada de la Caravana por la Tierra y el Territorio Ch\u00b4ol  del ejido de Tila al DF"},"content":{"rendered":"<p><\/p>\n<p style=\"text-align: center;\"><a href=\"https:\/\/radiozapatista.org\/wp-content\/uploads\/2012\/07\/Rezo-en-la-ma\u00f1ana-2.jpg\"><img loading=\"lazy\" decoding=\"async\" class=\"alignnone size-medium wp-image-6579\" title=\"Rezo en la ma\u00f1ana 2\" src=\"https:\/\/radiozapatista.org\/wp-content\/uploads\/2012\/07\/Rezo-en-la-ma\u00f1ana-2-225x300.jpg\" alt=\"\" width=\"225\" height=\"300\" srcset=\"https:\/\/radiozapatista.org\/wp-content\/uploads\/2012\/07\/Rezo-en-la-ma\u00f1ana-2-225x300.jpg 225w, https:\/\/radiozapatista.org\/wp-content\/uploads\/2012\/07\/Rezo-en-la-ma\u00f1ana-2-768x1024.jpg 768w\" sizes=\"auto, (max-width: 225px) 100vw, 225px\" \/><\/a><\/p>\n<p style=\"text-align: center;\">Rezo por la ma\u00f1ana en la Ciudad de M\u00e9xico<\/p>\n<p style=\"text-align: right;\">\n<p style=\"text-align: right;\">M\u00e9xico DF Martes 31 de julio.-RZ<\/p>\n<p style=\"text-align: left;\">Salieron de Tila a las cuatro de la ma\u00f1ana. Hombres, mujeres, j\u00f3venes y<br \/>\nancianos que recorren, en su mayor\u00eda por primera vez, la dif\u00edcil geograf\u00eda<br \/>\ndel sureste mexicano hasta el altiplano. Es una marcha humana, una<br \/>\ncaravana para pedir, para exigir que no les quiten lo que hist\u00f3ricamente<br \/>\nles pertenece: su tierra y territorio.<\/p>\n<p style=\"text-align: left;\">En San Crist\u00f3bal de las Casas realizaron un rezo para pedir un viaje bueno<br \/>\ny, \u00a0sobretodo, que la Suprema Corte de Justicia de la Naci\u00f3n les haga<br \/>\njusticia. La oraci\u00f3n fue s\u00f3lo el inicio de la conferencia de prensa en<br \/>\ndonde los ejidatarios reiteraron su rechazo a la pretensi\u00f3n de la<br \/>\npresidencia municipal de Tila de despojarlos de las 130 hect\u00e1reas y<br \/>\nanunciaron el itinerario a seguir en los pr\u00f3ximos d\u00edas.<\/p>\n<p style=\"text-align: left;\">Audio de la Conferencia de Prensa en San Crist\u00f3bal de las Casas:<\/p>\n<p style=\"text-align: left;\">[podcast]http:\/\/www.radiozapatista.org\/Audios\/TilaConfSCLC.MP3[\/podcast]<\/p>\n<p style=\"text-align: left;\">Despu\u00e9s de un recorrido de m\u00e1s de mil kil\u00f3metros la caravana que saliera<br \/>\nel d\u00eda lunes 30 de Julio del ejido Tila en el norte de Chiapas, arrib\u00f3 a<br \/>\nla ciudad de M\u00e9xico a las 7 de la ma\u00f1ana luego de m\u00e1s de 24 horas de<br \/>\nviaje. Ah\u00ed fueron recibidos en las instalaciones de la Unidad Obrera y<br \/>\nsocialista (Un\u00edos). En dichas instalaciones tambi\u00e9n recibieron la<br \/>\nsolidaridad de varias organizaciones de la sociedad civil, entre ellas de<br \/>\nFuerza Ind\u00edgena Chinanteca \u00a0quienes viajaron desde Oaxaca para llevarles<br \/>\nalimentos, pero sobre todo \u00e1nimo.<\/p>\n<p style=\"text-align: left;\">Para el d\u00eda de hoy 31 de julio se tiene prevista a las 11 de la ma\u00f1ana una<br \/>\nconferencia de prensa en las oficinas del Centro de Derechos Humanos<br \/>\nMiguel Agust\u00edn Pro con la presencia de Magdalena G\u00f3mez y Gilberto L\u00f3pez y<br \/>\nRivas. Ah\u00ed comentan los comuneros de Tila \u201cdaremos nuestro posicionamiento\u00a0porque la Constituci\u00f3n y los Derechos Humanos internacionales amparan y\u00a0protegen nuestro ejido y principalmente nuestra historia como pueblo\u00a0ind\u00edgena\u201d .<\/p>\n<p style=\"text-align: center;\"><a href=\"https:\/\/radiozapatista.org\/wp-content\/uploads\/2012\/07\/rumbo-al-df.jpg\"><img loading=\"lazy\" decoding=\"async\" class=\"size-medium wp-image-6577 aligncenter\" title=\"rumbo al df\" src=\"https:\/\/radiozapatista.org\/wp-content\/uploads\/2012\/07\/rumbo-al-df-300x225.jpg\" alt=\"\" width=\"300\" height=\"225\" srcset=\"https:\/\/radiozapatista.org\/wp-content\/uploads\/2012\/07\/rumbo-al-df-300x225.jpg 300w, https:\/\/radiozapatista.org\/wp-content\/uploads\/2012\/07\/rumbo-al-df-350x263.jpg 350w, https:\/\/radiozapatista.org\/wp-content\/uploads\/2012\/07\/rumbo-al-df-768x576.jpg 768w, https:\/\/radiozapatista.org\/wp-content\/uploads\/2012\/07\/rumbo-al-df-800x600.jpg 800w, https:\/\/radiozapatista.org\/wp-content\/uploads\/2012\/07\/rumbo-al-df.jpg 960w\" sizes=\"auto, (max-width: 300px) 100vw, 300px\" \/><\/a><\/p>\n<p style=\"text-align: center;\">Rumbo al DF<\/p>\n<p style=\"text-align: center;\"><a href=\"https:\/\/radiozapatista.org\/wp-content\/uploads\/2012\/07\/Ejidatarios-llegan.jpg\"><img loading=\"lazy\" decoding=\"async\" class=\"alignnone size-medium wp-image-6578\" title=\"Ejidatarios llegan\" src=\"https:\/\/radiozapatista.org\/wp-content\/uploads\/2012\/07\/Ejidatarios-llegan-225x300.jpg\" alt=\"\" width=\"225\" height=\"300\" srcset=\"https:\/\/radiozapatista.org\/wp-content\/uploads\/2012\/07\/Ejidatarios-llegan-225x300.jpg 225w, https:\/\/radiozapatista.org\/wp-content\/uploads\/2012\/07\/Ejidatarios-llegan.jpg 480w\" sizes=\"auto, (max-width: 225px) 100vw, 225px\" \/><\/a><\/p>\n<p style=\"text-align: center;\">Llegada a la ciudad<\/p>\n<p style=\"text-align: left;\">Sigue la transmisi\u00f3n en vivo de la conferencia de prensa y marcha en:<\/p>\n<p style=\"text-align: left;\"><a href=\"http:\/\/www.ustream.tv\/channel\/radiozapa\" target=\"_blank\">http:\/\/www.ustream.tv\/channel\/radiozapa<\/a><\/p>\n<p style=\"text-align: left;\">M\u00e1s informaci\u00f3n en:<\/p>\n<p style=\"text-align: left;\"><a href=\"http:\/\/komanilel.org\/2012\/07\/30\/conferencia-de-prensa-y-ceremonia-tradicional-de-representantes-del-ejido-tila\/\">http:\/\/komanilel.org\/2012\/07\/30\/conferencia-de-prensa-y-ceremonia-tradicional-de-representantes-del-ejido-tila\/<\/a><\/p>\n<p style=\"text-align: left;\"><a href=\"http:\/\/chiapasdenuncia.blogspot.mx\/2012\/07\/inicia-la-caravana-por-la-tierra-y-el.html\">http:\/\/chiapasdenuncia.blogspot.mx\/2012\/07\/inicia-la-caravana-por-la-tierra-y-el.html<\/a><\/p>\n<p style=\"text-align: left;\"><a href=\"http:\/\/www.jornada.unam.mx\/2012\/07\/31\/opinion\/016a1pol\" target=\"_blank\">http:\/\/www.jornada.unam.mx\/2012\/07\/31\/opinion\/016a1pol<\/a><\/p>\n<div><a href=\"http:\/\/www.jornada.unam.mx\/2012\/07\/31\/politica\/012n2pol\" target=\"_blank\">http:\/\/www.jornada.unam.mx\/2012\/07\/31\/politica\/012n2pol<\/a><\/p>\n<div>\n<div id=\":1ku\"><img decoding=\"async\" src=\"https:\/\/mail.google.com\/mail\/u\/0\/images\/cleardot.gif\" alt=\"\" \/><\/div>\n<\/div>\n<\/div>\n<p><\/p>","protected":false},"excerpt":{"rendered":"<p>Rezo por la ma\u00f1ana en la Ciudad de M\u00e9xico M\u00e9xico DF Martes 31 de julio.-RZ Salieron de Tila a las cuatro de la ma\u00f1ana. Hombres, mujeres, j\u00f3venes y ancianos que recorren, en su mayor\u00eda por primera vez, la dif\u00edcil geograf\u00eda del sureste mexicano hasta el altiplano. Es una marcha humana, una caravana para pedir, para [&hellip;]<\/p>\n","protected":false},"author":1,"featured_media":0,"comment_status":"open","ping_status":"open","sticky":false,"template":"","format":"standard","meta":{"footnotes":""},"categories":[1,190],"tags":[917,58,483,95],"class_list":["post-6576","post","type-post","status-publish","format-standard","hentry","category-audio","category-radiozapatista","tag-chiapas","tag-derechos-humanos","tag-tierra-y-territorio","tag-tila"],"_links":{"self":[{"href":"https:\/\/radiozapatista.org\/index.php?rest_route=\/wp\/v2\/posts\/6576","targetHints":{"allow":["GET"]}}],"collection":[{"href":"https:\/\/radiozapatista.org\/index.php?rest_route=\/wp\/v2\/posts"}],"about":[{"href":"https:\/\/radiozapatista.org\/index.php?rest_route=\/wp\/v2\/types\/post"}],"author":[{"embeddable":true,"href":"https:\/\/radiozapatista.org\/index.php?rest_route=\/wp\/v2\/users\/1"}],"replies":[{"embeddable":true,"href":"https:\/\/radiozapatista.org\/index.php?rest_route=%2Fwp%2Fv2%2Fcomments&post=6576"}],"version-history":[{"count":0,"href":"https:\/\/radiozapatista.org\/index.php?rest_route=\/wp\/v2\/posts\/6576\/revisions"}],"wp:attachment":[{"href":"https:\/\/radiozapatista.org\/index.php?rest_route=%2Fwp%2Fv2%2Fmedia&parent=6576"}],"wp:term":[{"taxonomy":"category","embeddable":true,"href":"https:\/\/radiozapatista.org\/index.php?rest_route=%2Fwp%2Fv2%2Fcategories&post=6576"},{"taxonomy":"post_tag","embeddable":true,"href":"https:\/\/radiozapatista.org\/index.php?rest_route=%2Fwp%2Fv2%2Ftags&post=6576"}],"curies":[{"name":"wp","href":"https:\/\/api.w.org\/{rel}","templated":true}]}}