{"id":6516,"date":"2012-07-19T17:07:12","date_gmt":"2012-07-19T22:07:12","guid":{"rendered":"https:\/\/radiozapatista.org\/?p=6516"},"modified":"2012-07-26T16:14:04","modified_gmt":"2012-07-26T21:14:04","slug":"el-ejido-tila-tiene-derecho-a-conservar-su-territorio-caravana-a-la-suprema-corte-de-justicia","status":"publish","type":"post","link":"https:\/\/radiozapatista.org\/?p=6516","title":{"rendered":"El ejido Tila tiene derecho a conservar su territorio: Caravana a la Suprema Corte de Justicia"},"content":{"rendered":"<p><\/p>\n<p style=\"text-align: center;\"><a href=\"https:\/\/radiozapatista.org\/wp-content\/uploads\/2012\/07\/Cartel-1.jpg\"><img loading=\"lazy\" decoding=\"async\" class=\"size-medium wp-image-6491 aligncenter\" title=\"Cartel 1\" src=\"https:\/\/radiozapatista.org\/wp-content\/uploads\/2012\/07\/Cartel-1-173x300.jpg\" alt=\"\" width=\"173\" height=\"300\" srcset=\"https:\/\/radiozapatista.org\/wp-content\/uploads\/2012\/07\/Cartel-1-173x300.jpg 173w, https:\/\/radiozapatista.org\/wp-content\/uploads\/2012\/07\/Cartel-1.jpg 469w\" sizes=\"auto, (max-width: 173px) 100vw, 173px\" \/><\/a><\/p>\n<p style=\"text-align: left;\">En esta c\u00e1psula escucharemos sobre la historia de la lucha de los ejidatarios de Tila por preservar su territorio frente a la decisi\u00f3n que tomar\u00e1 pr\u00f3ximamente la Suprema Corte de Justicia.<\/p>\n<p>[podcast]http:\/\/www.radiozapatista.org\/Audios\/TilaHistoria.mp3[\/podcast]<br \/>\nAudio de la conferencia de prensa realizada en el Centro de Derechos Humanos Fray Bartolom\u00e9 de las Casas el 19 de Julio de 2012.<br \/>\n[podcast]http:\/\/www.pozol.org\/wp-content\/uploads\/2012\/07\/tilacaravana.mp3[\/podcast]<br \/>\n<!--more--><\/p>\n<p style=\"text-align: right;\">Tila, Chiapas a 03 de junio de 2012<\/p>\n<p>Compa\u00f1eros y compa\u00f1eras de las diferentes organizaciones, sociales, civiles, colectivos, medios independientes.<\/p>\n<p>De nuestra parte reciban un cordial saludo de los adherentes de la otra campa\u00f1a del ejido Tila, Chiapas.<\/p>\n<p>Pedimos encarecidamente sus solidaridad por la situaci\u00f3n del problema del ejido Tila, ocasionado por el gobierno del estado, congreso del estado, registro p\u00fablico de la propiedad, ayuntamiento municipal que quiere expropiarnos nuestras tierras mediante un decreto y el diario oficial con fecha 17 de diciembre, esto desde 1980<\/p>\n<p>Como ejido se impugn\u00f3 mediante un amparo el decreto y la publicaci\u00f3n, con el n\u00famero de amparo 259\/82. Ganamos el amparo el 14 de enero de 2009, es decir que caus\u00f3 ejecutoria. El gobierno del estado y dem\u00e1s instancias no quieren obedecer la ejecutoria del amparo, o sea no quieren respetar el amparo.<\/p>\n<p>Ahora la sentencia fue remitido al pleno de la Suprema Corte de Justicia de la Naci\u00f3n que pronto van a dictaminar la resoluci\u00f3n y nos encontramos sumamente preocupados por nuestras tierras. Los anexamos un resumen sobre nuestra palabra como ejidatarios y ejidatarias ind\u00edgenas choles sobre la importancia de nuestra tierra y territorio, que es nuestra historia.<\/p>\n<p>Les informamos la propuesta de la asamblea general de ejidatarios celebrada con fecha 13 de abril del presente a\u00f1o, con respecto al problema al ejido que ha venido ocasionando, saldr\u00e1 una caravana de ejidatarios hacia la ciudad de M\u00e9xico para  exigir la ejecuci\u00f3n de la sentencia del amparo 259\/82.<\/p>\n<p>Sus acompa\u00f1amientos en la caravana hacia la ciudad de M\u00e9xico es de suma importancia porque se ha sufrido muchas de injusticias, atropellos, ha habido muchas \u00f3rdenes de aprehensi\u00f3n, existe una constante amenaza; de ante mano se lo agradecemos mucho de todo coraz\u00f3n, porque la uni\u00f3n hace la fuerza.<\/p>\n<p><strong>Atentamente.<\/strong><\/p>\n<p><strong>Ejido Tila, Chiapas<\/strong><\/p>\n<p><strong><a href=\"http:\/\/laotraejidotila.blogspot.mx\/\" target=\"_blank\">http:\/\/laotraejidotila.blogspot.mx\/<\/a><br \/>\n<\/strong><\/p>\n<hr \/>\n<p><strong>POR QU\u00c9 DEFENDEMOS NUESTRA TIERRA Y TERRITORIO<\/strong><\/p>\n<p>En tiempo y memorial se posesionaron en forma tradicional con mucha libertad, nuestros abuelos cultivaron sus tierras en colectivo, se respetaban unos a otros intercambiaban trabajos, conviv\u00edan juntos de acuerdo a sus usos y costumbres, sus culturas era a centrado a la madre tierra y territorio, cuidaban mucho sus arroyos cristalizados y sus vegetaciones tan hermosos, lo conservaban.<\/p>\n<div>\n<div>Los tatuches ten\u00edan mucha fe al se\u00f1or de tila, le rend\u00edan cultos y lo veneraban, todo era paz, tranquilidad y en armon\u00eda; celebraban sus fiestas tradicionales, seg\u00fan sus costumbres\u00a0 tradicionales, prestaban sus servicios al templo como mayordomos, encargados de templo y otros servicios calzaban las calles principales, nombraban sus propias autoridades internas.<\/div>\n<\/div>\n<div>\n<div>Sus primeros representantes elevaron su solicitud el 03 de febrero de 1922, se publico la solicitud en el diario oficial el 05 de abril del mismo a\u00f1o, se dicto el fallo el 27 de febrero de 1929. mientras los tatuches hac\u00edan sus promesas que tradicionalmente eran las velas, el incensio, alegres con sus m\u00fasica regional danzas de la pluma del quetzal, tambores, flauta de carrizo, las maracas. Y as\u00ed oraban y elevaban su petici\u00f3n al padre creador, los principales a pesar de que no ten\u00edan estudio pero sab\u00edan quien hizo el cielo y la tierra, el objetivo era documentar al ejido, no fue en vano la petici\u00f3n.<\/div>\n<\/div>\n<div>\n<div>El 30 de julio de 1934 se concede la resoluci\u00f3n presidencial que ampara y protege las 5405 hect\u00e1reas y 78 centi\u00e1reas, se publica en el diario oficial de la federaci\u00f3n el 16 de octubre del mismo a\u00f1o.<\/div>\n<\/div>\n<div>\n<div>El 02 de junio de 1961 el h. cuerpo consultivo agrario aprob\u00f3 el plano definitivo; as\u00ed\u00a0 se logro la documentaci\u00f3n del ejido, fue muy largo el tiempo de camino, no exist\u00eda carreteras, entonces todos los recursos que se gast\u00f3 vendieron ma\u00edz, frijol, caf\u00e9, le\u00f1a, animales y trabajos colectivos de todos los ejidatarios, los tatuches nunca se cansaron pidi\u00e9ndole al Dios padre y al divino se\u00f1or de tila. Este es la lucha por lograr la madre tierra y territorio, nos ha visto nacer, nos creci\u00f3 con su fruto y en ella descansaremos, como ya descansan nuestros tatuches.<\/div>\n<\/div>\n<div>\n<div>La autoridad m\u00e1xima de este ejido es la asamblea general de ejido\u00a0 de acuerdo con el art\u00edculo 22 de la legislaci\u00f3n agraria, se\u00f1alado en la fracci\u00f3n XV del art\u00edculo 27 de la constituci\u00f3n pol\u00edtica de los estados unidos mexicanos, la asamblea general es el \u00f3rgano supremo es el \u00f3rgano supremo del n\u00facleo de poblaci\u00f3n ejidal.<\/div>\n<\/div>\n<div>\n<div>El h. cuerpo consultivo agrario en sesi\u00f3n de 30 de septiembre 1966, sin acuerdo de la asamblea, acord\u00f3 lo siguiente: que la superficie del poblado tila no forma parte del ejido consider\u00e1ndose como fundo legal, pero en el plano original de 02 de junio de 1961 fue aprobado sin nota sin punto de acuerdo. Contra esto realizamos un amparo en 1977, el amparo 890\/77, mismo que ganamos en 1994, gracias al levantamiento armado del EZLN.<\/div>\n<\/div>\n<div>\n<div>Aunque ganamos el Gobierno del Estado, apoyado por el Congreso del Estado, Ayuntamiento Municipal de Tila y el Registro P\u00fablico de la Propiedad, emitieron un decreto para expropiar las 130 has que no pudieron despojarnos ilegalmente el Cuerpo Consultivo. Nuevamente nos amparamos en contra de esas cuatro autoridades en 1982, por medio del amparo n\u00famero 259\/82. Fue hasta el 14 de enero de 2009 que nuevamente ganamos el amparo con lo que est\u00e1 claro que las tierras pertenecen al ejido tila y est\u00e1n bajo su custodia y protecci\u00f3n.<\/div>\n<\/div>\n<div>\n<div>El gobierno y las dem\u00e1s autoridades no quieren respetar el amparo ganado, se niegan a reconocer que el pueblo de tila, y su n\u00facleo de poblaci\u00f3n son ejidales. Por eso ahora est\u00e1 en manos de la Suprema Corte de Justicia de la Naci\u00f3n decidir de darle la raz\u00f3n al ejido por el derecho que le corresponde en el incidente de inejecuci\u00f3n del amparo que tiene en sus manos, o darle la raz\u00f3n al Gobierno del Estado y dem\u00e1s autoridades y as\u00ed privatizar las tierras ejidales.<\/div>\n<\/div>\n<div>\n<div>Las consecuencias sino se respeta los amparos es ir en contra de la resoluci\u00f3n presidencial del 30 de julio de 1934. Es decir la privatizaci\u00f3n de nuestras tierras, seguir con la compra y venta de tierras no s\u00f3lo del pueblo sino sus alredores. Privatizaci\u00f3n de arroyos, y tendr\u00edamos que pagar por el agua que es de nuestro propio territorio.\u00a0 Se fraccionar\u00edan las tierras y cobrar\u00edan impuestos por lotes y gestiones legales. El municipio se apropiar\u00eda de nuestras fiestas tradicionales. Estos entre otras consecuencias.<\/div>\n<\/div>\n<div>\n<div>Por eso estamos exigiendo el respeto a nuestra tierra y territorio. Pero todos sabemos que corremos riesgo por defender nuestro derecho de posesi\u00f3n de tierra y territorio, lo que ha sucedido en otros pueblos ha habido reprensiones, hostigamientos, amenazas, intimidaciones, discriminaciones, violaciones de derechos humanos, privaci\u00f3n de libertad, secuestros, encarcelamientos y asesinatos de hombres, mujeres, ni\u00f1os y ni\u00f1as.<\/div>\n<\/div>\n<div>\n<div>Pero los opresores gozan el privilegio de la ley, ante ellos no valemos nada, la justicia est\u00e1 al lado de ellos, nosotros no somos tomados en cuenta, solo en los tiempos de contiendas electorales, nos anuncian que con nuestro voto va a haber el cambio, que con la participaci\u00f3n ciudadana va ser otro M\u00e9xico, \u00bfqu\u00e9 cambios so\u00f1amos cuando nuestros pueblos y comunidades est\u00e1n militarizados? Cuando en verdad no existe la democracia, como ejidatarios es preocupante lo que est\u00e1 pasando en nuestro pueblo por defender nuestros derechos, recursos naturales y quieren desaparecer nuestras culturas, tradiciones, costumbres, nos imponen ideas capitalistas; as\u00ed como vinieron imponer la religi\u00f3n los espa\u00f1oles en el a\u00f1o de 1560 a controlarnos, a destruir lo nuestro.<\/div>\n<\/div>\n<div>\n<div>Sufrimos mucho desprecio en nuestro pueblo, como somos ind\u00edgenas, que el pueblo no va a progresar, que no podemos embellecer nuestras casas, que somos un atraso social, que no generamos ganancias, por sus ambiciones y avaricias. Nosotros los campesinos y campesinas hacemos memoria del general Emiliano zapata, luch\u00f3 por los campesinos no por el inter\u00e9s pol\u00edtico, su objetivo era Tierra y Libertad, dio su vida por los principios, no por el inter\u00e9s del hombre.<\/div>\n<\/div>\n<div>\n<div>En esta actualidad ya no hay campo de trabajo, lo \u00fanico que nos queda es defender nuestra madre tierra que nos alimenta con su fruto, les pedimos a todos que est\u00e9n pendientes a lo que pueda pasar en nuestro n\u00facleo de poblaci\u00f3n ejidal, que de por s\u00ed estamos recibiendo constantes amenazas, se\u00f1alamientos, intimidaciones, para quedarnos callados.<\/div>\n<\/div>\n<div>Tierra y Libertad<\/div>\n<div>Adherentes a la Otra Campa\u00f1a<\/div>\n<div>Ejido Ch&#8217;ol Tila, Chiapas<\/div>\n<p><\/p>","protected":false},"excerpt":{"rendered":"<p>En esta c\u00e1psula escucharemos sobre la historia de la lucha de los ejidatarios de Tila por preservar su territorio frente a la decisi\u00f3n que tomar\u00e1 pr\u00f3ximamente la Suprema Corte de Justicia. [podcast]http:\/\/www.radiozapatista.org\/Audios\/TilaHistoria.mp3[\/podcast] Audio de la conferencia de prensa realizada en el Centro de Derechos Humanos Fray Bartolom\u00e9 de las Casas el 19 de Julio de [&hellip;]<\/p>\n","protected":false},"author":1,"featured_media":0,"comment_status":"closed","ping_status":"closed","sticky":false,"template":"","format":"standard","meta":{"footnotes":""},"categories":[1,190],"tags":[483,95],"class_list":["post-6516","post","type-post","status-publish","format-standard","hentry","category-audio","category-radiozapatista","tag-tierra-y-territorio","tag-tila"],"_links":{"self":[{"href":"https:\/\/radiozapatista.org\/index.php?rest_route=\/wp\/v2\/posts\/6516","targetHints":{"allow":["GET"]}}],"collection":[{"href":"https:\/\/radiozapatista.org\/index.php?rest_route=\/wp\/v2\/posts"}],"about":[{"href":"https:\/\/radiozapatista.org\/index.php?rest_route=\/wp\/v2\/types\/post"}],"author":[{"embeddable":true,"href":"https:\/\/radiozapatista.org\/index.php?rest_route=\/wp\/v2\/users\/1"}],"replies":[{"embeddable":true,"href":"https:\/\/radiozapatista.org\/index.php?rest_route=%2Fwp%2Fv2%2Fcomments&post=6516"}],"version-history":[{"count":0,"href":"https:\/\/radiozapatista.org\/index.php?rest_route=\/wp\/v2\/posts\/6516\/revisions"}],"wp:attachment":[{"href":"https:\/\/radiozapatista.org\/index.php?rest_route=%2Fwp%2Fv2%2Fmedia&parent=6516"}],"wp:term":[{"taxonomy":"category","embeddable":true,"href":"https:\/\/radiozapatista.org\/index.php?rest_route=%2Fwp%2Fv2%2Fcategories&post=6516"},{"taxonomy":"post_tag","embeddable":true,"href":"https:\/\/radiozapatista.org\/index.php?rest_route=%2Fwp%2Fv2%2Ftags&post=6516"}],"curies":[{"name":"wp","href":"https:\/\/api.w.org\/{rel}","templated":true}]}}