{"id":645,"date":"2009-04-03T19:42:42","date_gmt":"2009-04-04T01:42:42","guid":{"rendered":"https:\/\/radiozapatista.org\/?p=645"},"modified":"2015-11-26T13:10:16","modified_gmt":"2015-11-26T19:10:16","slug":"programa-en-espanol","status":"publish","type":"post","link":"https:\/\/radiozapatista.org\/?p=645","title":{"rendered":"Programa en espa\u00f1ol"},"content":{"rendered":"<p><\/p>\n<ul>\n<li>Noticias de Chiapas y La Otra<\/li>\n<li>Entrevista con John Gibler sobre Gloria Arenas y Jacobo Silva Nogales<\/li>\n<li>Sexto Aniversario de la invasi\u00f3n a Irak &#8211; acciones en San Francisco<\/li>\n<li>Entrevista a Miguel Perez sobre la organizaci\u00f3n de las marchas del 1 de mayo<\/li>\n<li>Pel\u00edcula &#8220;Coraz\u00f3n del tiempo&#8221;<\/li>\n<\/ul>\n<p><\/p>","protected":false},"excerpt":{"rendered":"<p>Noticias de Chiapas y La Otra Entrevista con John Gibler sobre Gloria Arenas y Jacobo Silva Nogales Sexto Aniversario de la invasi\u00f3n a Irak &#8211; acciones en San Francisco Entrevista a Miguel Perez sobre la organizaci\u00f3n de las marchas del 1 de mayo Pel\u00edcula &#8220;Coraz\u00f3n del tiempo&#8221;<\/p>\n","protected":false},"author":1,"featured_media":0,"comment_status":"open","ping_status":"open","sticky":false,"template":"","format":"standard","meta":{"footnotes":""},"categories":[1,6,46,954,959,953,962],"tags":[917,919,30,54,37],"class_list":["post-645","post","type-post","status-publish","format-standard","hentry","category-audio","category-chiapas","category-la-onda-bajita","category-mexico","category-migracion","category-mundo","category-presos","tag-chiapas","tag-estados-unidos","tag-migracion","tag-otra-campana","tag-presos-politicos"],"_links":{"self":[{"href":"https:\/\/radiozapatista.org\/index.php?rest_route=\/wp\/v2\/posts\/645","targetHints":{"allow":["GET"]}}],"collection":[{"href":"https:\/\/radiozapatista.org\/index.php?rest_route=\/wp\/v2\/posts"}],"about":[{"href":"https:\/\/radiozapatista.org\/index.php?rest_route=\/wp\/v2\/types\/post"}],"author":[{"embeddable":true,"href":"https:\/\/radiozapatista.org\/index.php?rest_route=\/wp\/v2\/users\/1"}],"replies":[{"embeddable":true,"href":"https:\/\/radiozapatista.org\/index.php?rest_route=%2Fwp%2Fv2%2Fcomments&post=645"}],"version-history":[{"count":0,"href":"https:\/\/radiozapatista.org\/index.php?rest_route=\/wp\/v2\/posts\/645\/revisions"}],"wp:attachment":[{"href":"https:\/\/radiozapatista.org\/index.php?rest_route=%2Fwp%2Fv2%2Fmedia&parent=645"}],"wp:term":[{"taxonomy":"category","embeddable":true,"href":"https:\/\/radiozapatista.org\/index.php?rest_route=%2Fwp%2Fv2%2Fcategories&post=645"},{"taxonomy":"post_tag","embeddable":true,"href":"https:\/\/radiozapatista.org\/index.php?rest_route=%2Fwp%2Fv2%2Ftags&post=645"}],"curies":[{"name":"wp","href":"https:\/\/api.w.org\/{rel}","templated":true}]}}