{"id":641,"date":"2009-05-17T19:37:20","date_gmt":"2009-05-18T00:37:20","guid":{"rendered":"https:\/\/radiozapatista.org\/?p=641"},"modified":"2010-11-16T19:38:59","modified_gmt":"2010-11-17T01:38:59","slug":"presos-politicos-de-bachajon","status":"publish","type":"post","link":"https:\/\/radiozapatista.org\/?p=641","title":{"rendered":"Presos pol\u00edticos de Bachaj\u00f3n"},"content":{"rendered":"<p>Reportaje sobre los ocho presos pol\u00edticos           zapatistas de San Sebasti\u00e1n Bachaj\u00f3n<\/p>","protected":false},"excerpt":{"rendered":"<p>Reportaje sobre los ocho presos pol\u00edticos zapatistas de San Sebasti\u00e1n Bachaj\u00f3n<\/p>\n","protected":false},"author":1,"featured_media":0,"comment_status":"open","ping_status":"open","sticky":false,"template":"","format":"standard","meta":{"footnotes":""},"categories":[1,6],"tags":[61,917,37],"class_list":["post-641","post","type-post","status-publish","format-standard","hentry","category-audio","category-chiapas","tag-bachajon","tag-chiapas","tag-presos-politicos"],"_links":{"self":[{"href":"https:\/\/radiozapatista.org\/index.php?rest_route=\/wp\/v2\/posts\/641","targetHints":{"allow":["GET"]}}],"collection":[{"href":"https:\/\/radiozapatista.org\/index.php?rest_route=\/wp\/v2\/posts"}],"about":[{"href":"https:\/\/radiozapatista.org\/index.php?rest_route=\/wp\/v2\/types\/post"}],"author":[{"embeddable":true,"href":"https:\/\/radiozapatista.org\/index.php?rest_route=\/wp\/v2\/users\/1"}],"replies":[{"embeddable":true,"href":"https:\/\/radiozapatista.org\/index.php?rest_route=%2Fwp%2Fv2%2Fcomments&post=641"}],"version-history":[{"count":0,"href":"https:\/\/radiozapatista.org\/index.php?rest_route=\/wp\/v2\/posts\/641\/revisions"}],"wp:attachment":[{"href":"https:\/\/radiozapatista.org\/index.php?rest_route=%2Fwp%2Fv2%2Fmedia&parent=641"}],"wp:term":[{"taxonomy":"category","embeddable":true,"href":"https:\/\/radiozapatista.org\/index.php?rest_route=%2Fwp%2Fv2%2Fcategories&post=641"},{"taxonomy":"post_tag","embeddable":true,"href":"https:\/\/radiozapatista.org\/index.php?rest_route=%2Fwp%2Fv2%2Ftags&post=641"}],"curies":[{"name":"wp","href":"https:\/\/api.w.org\/{rel}","templated":true}]}}