{"id":6408,"date":"2012-06-27T12:12:33","date_gmt":"2012-06-27T17:12:33","guid":{"rendered":"https:\/\/radiozapatista.org\/?p=6408"},"modified":"2012-08-07T10:54:16","modified_gmt":"2012-08-07T15:54:16","slug":"la-flor-de-la-memoria-rebelde-deni-prieto-stock","status":"publish","type":"post","link":"https:\/\/radiozapatista.org\/?p=6408","title":{"rendered":"<!--:es-->La flor de la memoria rebelde: Den\u00ed Prieto Stock<!--:--><!--:en-->The flower of the rebel memory: Den\u00ed Prieto Stock<!--:-->"},"content":{"rendered":"<p><!--:es--><\/p>\n<p align=\"center\"><a href=\"https:\/\/radiozapatista.org\/wp-content\/uploads\/2012\/06\/Deni.jpg\"><img loading=\"lazy\" decoding=\"async\" class=\"aligncenter size-full wp-image-6409\" title=\"Deni\" src=\"https:\/\/radiozapatista.org\/wp-content\/uploads\/2012\/06\/Deni.jpg\" alt=\"\" width=\"300\" height=\"300\" srcset=\"https:\/\/radiozapatista.org\/wp-content\/uploads\/2012\/06\/Deni.jpg 300w, https:\/\/radiozapatista.org\/wp-content\/uploads\/2012\/06\/Deni-150x150.jpg 150w\" sizes=\"auto, (max-width: 300px) 100vw, 300px\" \/><\/a><\/p>\n<p>Flor en Otom\u00ed es un documental sobre Den\u00ed Prieto Stock, integrante de las Fuerzas de Liberaci\u00f3n Nacional, organizaci\u00f3n que dar\u00e1 origen al EZLN. Den\u00ed, junto con otros compa\u00f1eros fue asesinada por el Estado mexicano en 1974. Luisa Riley, productora y directora del documental, nos habla de Den\u00ed y de la marca que la memoria revivida de Den\u00ed est\u00e1 dejando en los j\u00f3venes.<\/p>\n<p>Blog del documental: \u00a0<a href=\"http:\/\/florenotomi.wordpress.com\/\">http:\/\/florenotomi.wordpress.com\/<\/a><\/p>\n<p>Versi\u00f3n corta de la entrevista (10 min):<\/p>\n<p>[podcast]http:\/\/www.radiozapatista.org\/Audios\/Florenotomi_Corta.MP3[\/podcast]<\/p>\n<p>Versi\u00f3n completa de la entrevista (34 min):<\/p>\n<p>[podcast]http:\/\/www.radiozapatista.org\/Audios\/Florenotomi_Larga.MP3[\/podcast]<!--:--><!--:en--><\/p>\n<p align=\"center\"><a href=\"https:\/\/radiozapatista.org\/wp-content\/uploads\/2012\/06\/Deni.jpg\"><img loading=\"lazy\" decoding=\"async\" class=\"aligncenter size-full wp-image-6409\" title=\"Deni\" src=\"https:\/\/radiozapatista.org\/wp-content\/uploads\/2012\/06\/Deni.jpg\" alt=\"\" width=\"300\" height=\"300\" srcset=\"https:\/\/radiozapatista.org\/wp-content\/uploads\/2012\/06\/Deni.jpg 300w, https:\/\/radiozapatista.org\/wp-content\/uploads\/2012\/06\/Deni-150x150.jpg 150w\" sizes=\"auto, (max-width: 300px) 100vw, 300px\" \/><\/a><\/p>\n<p>Flor en Otom\u00ed es un documental sobre Den\u00ed Prieto Stock, integrante de las Fuerzas de Liberaci\u00f3n Nacional, organizaci\u00f3n que dar\u00e1 origen al EZLN. Den\u00ed, junto con otros compa\u00f1eros fue asesinada por el Estado mexicano en 1974. Luisa Riley, productora y directora del documental, nos habla de Den\u00ed y de la marca que la memoria revivida de Den\u00ed est\u00e1 dejando en los j\u00f3venes.<\/p>\n<p>Blog del documental:  <a href=\"http:\/\/florenotomi.wordpress.com\/\">http:\/\/florenotomi.wordpress.com\/<\/a><\/p>\n<p>Versi\u00f3n corta de la entrevista (10 min):<\/p>\n<p>[podcast]http:\/\/www.radiozapatista.org\/Audios\/Florenotomi_Corta.MP3[\/podcast]<\/p>\n<p>Versi\u00f3n completa de la entrevista (34 min):<\/p>\n<p>[podcast]http:\/\/www.radiozapatista.org\/Audios\/Florenotomi_Larga.MP3[\/podcast]<!--:--><\/p>\n","protected":false},"excerpt":{"rendered":"<p>Flor en Otom\u00ed es un documental sobre Den\u00ed Prieto Stock, integrante de las Fuerzas de Liberaci\u00f3n Nacional, organizaci\u00f3n que dar\u00e1 origen al EZLN. Den\u00ed, junto con otros compa\u00f1eros fue asesinada por el Estado mexicano en 1974. Luisa Riley, productora y directora del documental, nos habla de Den\u00ed y de la marca que la memoria revivida [&hellip;]<\/p>\n","protected":false},"author":1,"featured_media":0,"comment_status":"open","ping_status":"open","sticky":false,"template":"","format":"standard","meta":{"footnotes":""},"categories":[1,190],"tags":[111,926,10],"class_list":["post-6408","post","type-post","status-publish","format-standard","hentry","category-audio","category-radiozapatista","tag-ciencias-y-artes","tag-ezln","tag-zapatismo"],"_links":{"self":[{"href":"https:\/\/radiozapatista.org\/index.php?rest_route=\/wp\/v2\/posts\/6408","targetHints":{"allow":["GET"]}}],"collection":[{"href":"https:\/\/radiozapatista.org\/index.php?rest_route=\/wp\/v2\/posts"}],"about":[{"href":"https:\/\/radiozapatista.org\/index.php?rest_route=\/wp\/v2\/types\/post"}],"author":[{"embeddable":true,"href":"https:\/\/radiozapatista.org\/index.php?rest_route=\/wp\/v2\/users\/1"}],"replies":[{"embeddable":true,"href":"https:\/\/radiozapatista.org\/index.php?rest_route=%2Fwp%2Fv2%2Fcomments&post=6408"}],"version-history":[{"count":0,"href":"https:\/\/radiozapatista.org\/index.php?rest_route=\/wp\/v2\/posts\/6408\/revisions"}],"wp:attachment":[{"href":"https:\/\/radiozapatista.org\/index.php?rest_route=%2Fwp%2Fv2%2Fmedia&parent=6408"}],"wp:term":[{"taxonomy":"category","embeddable":true,"href":"https:\/\/radiozapatista.org\/index.php?rest_route=%2Fwp%2Fv2%2Fcategories&post=6408"},{"taxonomy":"post_tag","embeddable":true,"href":"https:\/\/radiozapatista.org\/index.php?rest_route=%2Fwp%2Fv2%2Ftags&post=6408"}],"curies":[{"name":"wp","href":"https:\/\/api.w.org\/{rel}","templated":true}]}}