{"id":633,"date":"2009-06-16T19:23:55","date_gmt":"2009-06-17T00:23:55","guid":{"rendered":"https:\/\/radiozapatista.org\/?p=633"},"modified":"2010-11-16T19:27:41","modified_gmt":"2010-11-17T01:27:41","slug":"noticias-de-la-semana","status":"publish","type":"post","link":"https:\/\/radiozapatista.org\/?p=633","title":{"rendered":"Noticias de la semana"},"content":{"rendered":"<p>Encuentro contra la Impunidad; Presos pol\u00edticos de Chiapas denuncian represi\u00f3n;   \tLlega al DF caravana por los presos pol\u00edticos de Loxicha, Oaxaca;   \tMegamarcha en Oaxaca; Detienen a miembro de la otra campa\u00f1a en San Lu\u00eds Potos\u00ed.<\/p>","protected":false},"excerpt":{"rendered":"<p>Encuentro contra la Impunidad; Presos pol\u00edticos de Chiapas denuncian represi\u00f3n; Llega al DF caravana por los presos pol\u00edticos de Loxicha, Oaxaca; Megamarcha en Oaxaca; Detienen a miembro de la otra campa\u00f1a en San Lu\u00eds Potos\u00ed.<\/p>\n","protected":false},"author":1,"featured_media":0,"comment_status":"open","ping_status":"open","sticky":false,"template":"","format":"standard","meta":{"footnotes":""},"categories":[1,6],"tags":[917,53,918,54,37],"class_list":["post-633","post","type-post","status-publish","format-standard","hentry","category-audio","category-chiapas","tag-chiapas","tag-justicia","tag-oaxaca","tag-otra-campana","tag-presos-politicos"],"_links":{"self":[{"href":"https:\/\/radiozapatista.org\/index.php?rest_route=\/wp\/v2\/posts\/633","targetHints":{"allow":["GET"]}}],"collection":[{"href":"https:\/\/radiozapatista.org\/index.php?rest_route=\/wp\/v2\/posts"}],"about":[{"href":"https:\/\/radiozapatista.org\/index.php?rest_route=\/wp\/v2\/types\/post"}],"author":[{"embeddable":true,"href":"https:\/\/radiozapatista.org\/index.php?rest_route=\/wp\/v2\/users\/1"}],"replies":[{"embeddable":true,"href":"https:\/\/radiozapatista.org\/index.php?rest_route=%2Fwp%2Fv2%2Fcomments&post=633"}],"version-history":[{"count":0,"href":"https:\/\/radiozapatista.org\/index.php?rest_route=\/wp\/v2\/posts\/633\/revisions"}],"wp:attachment":[{"href":"https:\/\/radiozapatista.org\/index.php?rest_route=%2Fwp%2Fv2%2Fmedia&parent=633"}],"wp:term":[{"taxonomy":"category","embeddable":true,"href":"https:\/\/radiozapatista.org\/index.php?rest_route=%2Fwp%2Fv2%2Fcategories&post=633"},{"taxonomy":"post_tag","embeddable":true,"href":"https:\/\/radiozapatista.org\/index.php?rest_route=%2Fwp%2Fv2%2Ftags&post=633"}],"curies":[{"name":"wp","href":"https:\/\/api.w.org\/{rel}","templated":true}]}}