{"id":6232,"date":"2012-06-05T16:19:35","date_gmt":"2012-06-05T21:19:35","guid":{"rendered":"https:\/\/radiozapatista.org\/?p=6232"},"modified":"2012-08-07T10:08:16","modified_gmt":"2012-08-07T15:08:16","slug":"mensaje-de-la-junta-de-buen-gobierno-de-oventic","status":"publish","type":"post","link":"https:\/\/radiozapatista.org\/?p=6232","title":{"rendered":"Mensaje de la Junta de Buen Gobierno de Oventic"},"content":{"rendered":"<p><\/p>\n<p><iframe loading=\"lazy\" width=\"480\" height=\"270\" src=\"http:\/\/www.youtube.com\/embed\/NXuVyJ5YdfA\" frameborder=\"0\" allowfullscreen><\/iframe><\/p>\n<p>Mensaje de la JBG en audio:<br \/>\n[podcast]https:\/\/radiozapatista.org\/Audios\/Mensaje_JBG_Oventic.mp3[\/podcast]<\/p>\n<p>Mensaje del Movimiento por Justicia del Barrio:<br \/>\n[podcast]https:\/\/radiozapatista.org\/Audios\/Mensaje_MPJB.mp3[\/podcast]<br \/>\n<!--more--><br \/>\n5 de junio 2012<\/p>\n<p>De: La Junta de Buen Gobierno, Coraz\u00f3n C\u00e9ntrico de los Zapatistas Delante del Mundo con sede en Oventic, Caracol II Resistencia y Rebeld\u00eda por la Humanidad  zona Altos de Chiapas, M\u00e9xico.<\/p>\n<p>Compa\u00f1eros, compa\u00f1eras, hermanos, y hermanas:<\/p>\n<p>Buenos d\u00edas, y buenas tardes, y buenas noches a todas y a todos.<\/p>\n<p>Nuevamente, nosotros la Junta de Buen Gobierno de esta zona Altos de Chiapas, con sede en Oventic, Caracol II: &#8220;Resistencia y Rebeld\u00eda por la Humanidad&#8221;, saludamos la Segunda Semana de Lucha Mundial por la Libertad de los presos injustamente, convocada por el Movimiento por Justicia del Barrio, La Otra Campa\u00f1a de Nueva York: \u00a1A Tumbar Las Paredes del Calabozo!<\/p>\n<p>Nosotros la Junta de Buen Gobierno damos otra vez nuestra palabra para exigir la libertad inmediata de nuestro compa\u00f1ero base de apoyo, Francisco S\u00e1ntiz L\u00f3pez, detenido injustamente hace seis meses que hasta la fecha se encuentra preso por los malos gobernantes de nuestro pa\u00eds, M\u00e9xico.<\/p>\n<p>Nosotros como Junta de Buen Gobierno ya hemos denunciado ante la opini\u00f3n p\u00fablica nacional e internacional y hemos exigido su libertad inmediata de nuestro compa\u00f1ero.<\/p>\n<p>Pero los tres niveles de malos gobiernos quieren seguir con la violaci\u00f3n de derechos humanos, ustedes con su esfuerzo por la lucha mundial por la justicia, les decimos que sigan adelante porque el mal gobierno estatal y federal de nuestro pa\u00eds&#8211;est\u00e1 claro&#8211;que van a seguir su guerra contra nosotros los Zapatistas y en contra de toda la gente que lucha por la justicia y por defender sus derechos.<\/p>\n<p>Queremos decir nuevamente que nuestro compa\u00f1ero Francisco es completamente inocente, el \u00fanico delito que tiene es por ser base de apoyo zapatista, exigimos a los malos gobiernos que liberen de inmediato a nuestro compa\u00f1ero. Por el momento es toda nuestra palabra. Gracias.<\/p>\n<hr>\n<p align=\"center\"><strong>EN NUEVO VIDEOMENSAJE LA JUNTA DE BUEN GOBIERNO DE OVENTIC DA SU PALABRA, UNA VEZ MAS, EXIGIENDO LA LIBERACION DE FRANCISCO S\u00c1NTIZ L\u00d3PEZ.<\/strong><\/p>\n<p>Compa\u00f1eras y compa\u00f1eros:<\/p>\n<p>Les env\u00edamos un abrazo muy fuerte desde El Barrio, Nueva York. <\/p>\n<p>Como ya mencionamos en nuestra \u00faltima correspondencia, hoy estamos muy alegres por compartir con ustedes el NUEVO mensaje que nos brind\u00f3 la Junta de Buen Gobierno de Oventic respecto al caso del preso pol\u00edtico Francisco S\u00e1ntiz L\u00f3pez. En este mensaje nuestr@s hermanas y hermanos una vez m\u00e1s reiteran su justa demanda, \u00a1que se libere a nuestro compa\u00f1ero Francisco, base de apoyo zapatista! Tambi\u00e9n afirman que lo que est\u00e1 claro es que el Gobierno de M\u00e9xico, en sus tres niveles, seguir\u00e1 violando los derechos humanos en su \u201cguerra\u201d contra nuestr@s herman@s zapatistas. <\/p>\n<p>Las palabras de nuestr@s hermanas y hermanos zapatistas siempre nos llenan de emoci\u00f3n y esperanza, por su sab\u00edduria y coraje digno. Y por eso, les pedimos que por favor dinfundan ampliamente este mensaje entre todas sus redes sociales y contactos\u2014o sea, a tod@s de buen coraz\u00f3n que luchan.<\/p>\n<p>El mensaje completo est\u00e1 disponible aqui:<\/p>\n<p><a href=\"http:\/\/www.youtube.com\/watch?v=NXuVyJ5YdfA&#038;feature=youtu.be\">http:\/\/www.youtube.com\/watch?v=NXuVyJ5YdfA&#038;feature=youtu.be<\/a><\/p>\n<p>La emoci\u00f3n que hoy habita nuestro coraz\u00f3n nos hace m\u00e1s entusiasmados, y seguimos con m\u00e1s \u00e1nimo preparandonos para las acciones mundiales que est\u00e1n por realizarse en varios pa\u00edses del mundo nuestro. <\/p>\n<p>Sabemos que cada vez que nos juntamos, unificando nuestras palabras, demandas, y actos como una fuerte trenza, retamos al sistema de injusticia y generamos grietas en cada ladrillo del calabozo injusto. <\/p>\n<p>As\u00ed que queremos recordarles de nueva cuenta que nos avisen lo m\u00e1s pronto posible si participar\u00e1n en la \u201cSegunda Semana de Lucha Mundial: \u00a1A Tumbar Las Paredes del Calabozo!\u201d, que tendr\u00e1 lugar del viernes, 8 al viernes, 15 de junio.<\/p>\n<p>Muchas gracias, compas. Esperamos que les guste este nuevo mensaje de la Junta de Buen Gobierno. \u00a1Que sigamos uniendonos hasta que ganemos!<\/p>\n<p>Atentamente:<\/p>\n<p>Desde El Barrio, Nueva York.<\/p>","protected":false},"excerpt":{"rendered":"<p>Mensaje de la JBG en audio: [podcast]https:\/\/radiozapatista.org\/Audios\/Mensaje_JBG_Oventic.mp3[\/podcast] Mensaje del Movimiento por Justicia del Barrio: [podcast]https:\/\/radiozapatista.org\/Audios\/Mensaje_MPJB.mp3[\/podcast]<\/p>\n","protected":false},"author":1,"featured_media":0,"comment_status":"open","ping_status":"open","sticky":false,"template":"","format":"standard","meta":{"footnotes":""},"categories":[1,51,6,222],"tags":[512,508,70,37,927],"class_list":["post-6232","post","type-post","status-publish","format-standard","hentry","category-audio","category-autor","category-chiapas","category-video","tag-a-tumbar-las-paredes-del-calabozo","tag-francisco-santiz","tag-movimiento-por-justicia-del-barrio","tag-presos-politicos","tag-video"],"_links":{"self":[{"href":"https:\/\/radiozapatista.org\/index.php?rest_route=\/wp\/v2\/posts\/6232","targetHints":{"allow":["GET"]}}],"collection":[{"href":"https:\/\/radiozapatista.org\/index.php?rest_route=\/wp\/v2\/posts"}],"about":[{"href":"https:\/\/radiozapatista.org\/index.php?rest_route=\/wp\/v2\/types\/post"}],"author":[{"embeddable":true,"href":"https:\/\/radiozapatista.org\/index.php?rest_route=\/wp\/v2\/users\/1"}],"replies":[{"embeddable":true,"href":"https:\/\/radiozapatista.org\/index.php?rest_route=%2Fwp%2Fv2%2Fcomments&post=6232"}],"version-history":[{"count":0,"href":"https:\/\/radiozapatista.org\/index.php?rest_route=\/wp\/v2\/posts\/6232\/revisions"}],"wp:attachment":[{"href":"https:\/\/radiozapatista.org\/index.php?rest_route=%2Fwp%2Fv2%2Fmedia&parent=6232"}],"wp:term":[{"taxonomy":"category","embeddable":true,"href":"https:\/\/radiozapatista.org\/index.php?rest_route=%2Fwp%2Fv2%2Fcategories&post=6232"},{"taxonomy":"post_tag","embeddable":true,"href":"https:\/\/radiozapatista.org\/index.php?rest_route=%2Fwp%2Fv2%2Ftags&post=6232"}],"curies":[{"name":"wp","href":"https:\/\/api.w.org\/{rel}","templated":true}]}}