{"id":5681,"date":"2012-04-27T17:11:03","date_gmt":"2012-04-27T22:11:03","guid":{"rendered":"https:\/\/radiozapatista.org\/?p=5681"},"modified":"2012-04-28T21:43:11","modified_gmt":"2012-04-29T02:43:11","slug":"%c2%a1wirikuta-se-defiende-palabra-de-nuestros-hermanos-wirrarikas","status":"publish","type":"post","link":"https:\/\/radiozapatista.org\/?p=5681","title":{"rendered":"\u00a1Wirikuta se defiende! Palabra de nuestros hermanos wirr\u00e1rikas"},"content":{"rendered":"<p><\/p>\n<p style=\"text-align: center\"><a href=\"https:\/\/radiozapatista.org\/wp-content\/uploads\/2012\/04\/WirikutaGreenClean-498x800.jpg\"><\/a><a href=\"https:\/\/radiozapatista.org\/wp-content\/uploads\/2012\/04\/WirikutaGreenClean-498x800.jpg\"><img loading=\"lazy\" decoding=\"async\" class=\"aligncenter size-full wp-image-5682\" src=\"https:\/\/radiozapatista.org\/wp-content\/uploads\/2012\/04\/WirikutaGreenClean-498x800.jpg\" alt=\"\" width=\"498\" height=\"800\" srcset=\"https:\/\/radiozapatista.org\/wp-content\/uploads\/2012\/04\/WirikutaGreenClean-498x800.jpg 498w, https:\/\/radiozapatista.org\/wp-content\/uploads\/2012\/04\/WirikutaGreenClean-498x800-187x300.jpg 187w, https:\/\/radiozapatista.org\/wp-content\/uploads\/2012\/04\/WirikutaGreenClean-498x800-186x300.jpg 186w\" sizes=\"auto, (max-width: 498px) 100vw, 498px\" \/><\/a><br \/>\nEn \u00e9sta c\u00e1psula escuchamos la palabra de Jes\u00fas Lara, Secretario del Consejo Mayor del pueblo Wirr\u00e1rika. \u00c9l nos habla del significado de Wirikuta, las amenazas que \u00e9ste sitio sagrado enfrenta y de la digna lucha por su defensa.<\/p>\n<p>[podcast]http:\/\/www.radiozapatista.org\/Audios\/Wirikuta.mp3[\/podcast]<br \/>\nPara m\u00e1s informaci\u00f3n:\u00a0\u00a0 www.frenteendefensadewirikuta.org\/<br \/>\n<!--more--><\/p>\n<p><iframe loading=\"lazy\" width=\"480\" height=\"274\" src=\"http:\/\/www.youtube.com\/embed\/YQcyxH9q55c\" frameborder=\"0\" allowfullscreen><\/iframe><\/p>\n<p><\/p>","protected":false},"excerpt":{"rendered":"<p>En \u00e9sta c\u00e1psula escuchamos la palabra de Jes\u00fas Lara, Secretario del Consejo Mayor del pueblo Wirr\u00e1rika. \u00c9l nos habla del significado de Wirikuta, las amenazas que \u00e9ste sitio sagrado enfrenta y de la digna lucha por su defensa. [podcast]http:\/\/www.radiozapatista.org\/Audios\/Wirikuta.mp3[\/podcast] Para m\u00e1s informaci\u00f3n:\u00a0\u00a0 www.frenteendefensadewirikuta.org\/<\/p>\n","protected":false},"author":1,"featured_media":0,"comment_status":"open","ping_status":"open","sticky":false,"template":"","format":"standard","meta":{"footnotes":""},"categories":[1,190],"tags":[79,53,148,97,501,254],"class_list":["post-5681","post","type-post","status-publish","format-standard","hentry","category-audio","category-radiozapatista","tag-autonomia","tag-justicia","tag-resistencia","tag-territorio","tag-wirikuta","tag-wixarika"],"_links":{"self":[{"href":"https:\/\/radiozapatista.org\/index.php?rest_route=\/wp\/v2\/posts\/5681","targetHints":{"allow":["GET"]}}],"collection":[{"href":"https:\/\/radiozapatista.org\/index.php?rest_route=\/wp\/v2\/posts"}],"about":[{"href":"https:\/\/radiozapatista.org\/index.php?rest_route=\/wp\/v2\/types\/post"}],"author":[{"embeddable":true,"href":"https:\/\/radiozapatista.org\/index.php?rest_route=\/wp\/v2\/users\/1"}],"replies":[{"embeddable":true,"href":"https:\/\/radiozapatista.org\/index.php?rest_route=%2Fwp%2Fv2%2Fcomments&post=5681"}],"version-history":[{"count":0,"href":"https:\/\/radiozapatista.org\/index.php?rest_route=\/wp\/v2\/posts\/5681\/revisions"}],"wp:attachment":[{"href":"https:\/\/radiozapatista.org\/index.php?rest_route=%2Fwp%2Fv2%2Fmedia&parent=5681"}],"wp:term":[{"taxonomy":"category","embeddable":true,"href":"https:\/\/radiozapatista.org\/index.php?rest_route=%2Fwp%2Fv2%2Fcategories&post=5681"},{"taxonomy":"post_tag","embeddable":true,"href":"https:\/\/radiozapatista.org\/index.php?rest_route=%2Fwp%2Fv2%2Ftags&post=5681"}],"curies":[{"name":"wp","href":"https:\/\/api.w.org\/{rel}","templated":true}]}}